{"id":2230,"date":"2016-09-06T18:47:50","date_gmt":"2016-09-06T18:47:50","guid":{"rendered":"http:\/\/urvistahermosa.com\/de\/?p=2230"},"modified":"2016-09-06T18:47:50","modified_gmt":"2016-09-06T18:47:50","slug":"die-ur-gruppe-konsolidiert-sein-engagement-fuer-die-internationalisierung","status":"publish","type":"post","link":"https:\/\/urvistahermosainternational.com\/de\/2016\/09\/06\/die-ur-gruppe-konsolidiert-sein-engagement-fuer-die-internationalisierung\/","title":{"rendered":"Die UR-Gruppe konsolidiert sein Engagement f\u00fcr die Internationalisierung"},"content":{"rendered":"<h2>Ein weiterer Schritt in unserer globalen Strategie der assistierten Reproduktion: die Geburt der Wiedergabeeinheit in Mexiko-Stadt zu einem der f\u00fchrenden L\u00e4nder in Nord- und S\u00fcdamerika, Mexico.<\/h2>\n<p><img loading=\"lazy\" decoding=\"async\" class=\"alignleft size-thumbnail wp-image-2232\" src=\"http:\/\/urvistahermosa.com\/de\/files\/2017\/04\/Acto-inauguraci\u00f3n-UR-Ciudad-de-M\u00e9xico_reproducci\u00f3n-asistida-m\u00e9xico_espa\u00f1a_equipo-humano_oct-2016-310x233-1-140x105.jpg\" alt=\"Acto-inauguraci\u00f3n-UR-Ciudad-de-M\u00e9xico_reproducci\u00f3n-asistida-m\u00e9xico_espa\u00f1a_equipo-humano_oct-2016-310x233\" width=\"140\" height=\"105\" \/>Im Oktober nahm Platz 8 in Mexiko-Stadt, Mexiko-Stadt, die Er\u00f6ffnung von UR Mexiko-Stadt. Zentrum der assistierten Reproduktion, die durch die Erfahrung der UR-Gruppe und ihre Konsolidierung auf nationale und internationale Ebene mit der Unterst\u00fctzung von mehr als 30 Jahren Erfahrung und Erfolgen im Zusammenhang mit der Behandlung der Unfruchtbarkeit und assistierten Reproduktion unterst\u00fctzt wird.<br \/>\nDie UR-Gruppe hat jetzt mit 9 Zentren, die alle in einem Krankenhaus Service-Qualit\u00e4t und die besten Ergebnisse und Behandlungen, in den gro\u00dfen St\u00e4dten Spaniens zu gew\u00e4hrleisten. Mehr als 15.000 Schwangerschaften unterst\u00fctzen uns von unserem Hauptsitz in Alicante, in dem HLA Vistahermosa Hospital, in der N\u00e4he von den <img loading=\"lazy\" decoding=\"async\" class=\"alignright size-medium wp-image-2233\" src=\"http:\/\/urvistahermosa.com\/de\/files\/2017\/04\/Consejeros-Delegados-Asisa_Consejero-Delegado-HLA-Grupo-Hospitalario_Dr.-Jos\u00e9-Jes\u00fas-L\u00f3pez-G\u00e1lvez_Director-UR-Vistahermosa_Unidad-de-Reproducci\u00f3n-Ciudad-de-M\u00e9xico_fiv-m\u00e9xico_-310x207.jpg\" alt=\"Consejeros-Delegados-Asisa_Consejero-Delegado-HLA-Grupo-Hospitalario_Dr.-Jos\u00e9-Jes\u00fas-L\u00f3pez-G\u00e1lvez_Director-UR-Vistahermosa_Unidad-de-Reproducci\u00f3n-Ciudad-de-M\u00e9xico_fiv-m\u00e9xico_\" width=\"310\" height=\"207\" \/>gro\u00dfen Metropolen wie Madrid, Malaga, Murcia, Granada, Zaragoza, Almeria, Denia und Ceuta.<br \/>\nIn unserer neuen Einheit Fruchtbarkeit Reproduktion Einheit Mexiko-Stadt, auch kombiniert die Kernwerte und unverwechselbar f\u00fcr das unsere Zentren die beste Option gewesen f\u00fcr Tausende von Patienten, die sowohl in Spanien als auch in der wichtigsten europ\u00e4ischen L\u00e4ndern und auf anderen Kontinenten: 1. Engagement f\u00fcr Innovation und Qualit\u00e4t durch modernste Medizintechnik in Verfahren und Verbesserung der Maschinen 2. Aus- und Weiterbildung, Kurse, Konferenzen und regelm\u00e4\u00dfige Konferenzen, die in Initiativen wie der Lehrstuhl f\u00fcr Reproduktions Biomedicine widerspiegeln 3. eine Auswahl nachweisliche Erfahrung und professionelles Team, als Teil der UR Mexiko-Stadt mit erstklassig Fachleuten in <img loading=\"lazy\" decoding=\"async\" class=\"alignleft size-thumbnail wp-image-2234\" src=\"http:\/\/urvistahermosa.com\/de\/files\/2017\/04\/Equipo-M\u00e9dico-UR-Ciudad-de-M\u00e9xico_Dr.-L\u00f3pez-G\u00e1lvez-UR-Vistahermosa_reproducci\u00f3n-asistida-m\u00e9xico_UR-M\u00e9xico_web-2016-310x233-140x105.jpg\" alt=\"Equipo-M\u00e9dico-UR-Ciudad-de-M\u00e9xico_Dr.-L\u00f3pez-G\u00e1lvez-UR-Vistahermosa_reproducci\u00f3n-asistida-m\u00e9xico_UR-M\u00e9xico_web-2016-310x233\" width=\"140\" height=\"105\" \/>Schl\u00fcsselbereichen f\u00fcr reproduktionsmedizinische Behandlungen: Gyn\u00e4kologie, Embryologie, Genetik, Andrologie, Pflege &#8230; etc 4.Confianza und Ruhe in einem Krankenhausumgebung.<br \/>\nMit diesem neuen Schritt, Gruppe UR beabsichtigt, den besten Service fortzusetzen, pers\u00f6nliche Aufmerksamkeit und die besten Ergebnisse f\u00fcr alle, die die gleiche Illusion teilen, hier in Spanien, in jedem Land in Europa oder in Amerika: der Traum ein Baby    \t<\/p>\n","protected":false},"excerpt":{"rendered":"<p>Ein weiterer Schritt in unserer globalen Strategie der assistierten Reproduktion: die Geburt der Wiedergabeeinheit in Mexiko-Stadt zu einem der f\u00fchrenden L\u00e4nder in Nord- und S\u00fcdamerika, Mexico. Im Oktober nahm Platz 8 in Mexiko-Stadt, Mexiko-Stadt, die Er\u00f6ffnung von UR Mexiko-Stadt. Zentrum der assistierten Reproduktion, die durch die Erfahrung der UR-Gruppe und ihre Konsolidierung auf nationale und [&hellip;]<\/p>\n","protected":false},"author":1,"featured_media":2231,"comment_status":"open","ping_status":"open","sticky":false,"template":"","format":"standard","meta":{"_acf_changed":false,"footnotes":""},"categories":[9],"tags":[],"class_list":["post-2230","post","type-post","status-publish","format-standard","has-post-thumbnail","hentry","category-presse"],"acf":[],"yoast_head":"<!-- This site is optimized with the Yoast SEO plugin v27.5 - https:\/\/yoast.com\/product\/yoast-seo-wordpress\/ -->\n<title>Die UR-Gruppe konsolidiert sein Engagement f\u00fcr die Internationalisierung - UR International DE<\/title>\n<meta name=\"robots\" content=\"index, follow, max-snippet:-1, max-image-preview:large, max-video-preview:-1\" \/>\n<link rel=\"canonical\" href=\"https:\/\/urvistahermosainternational.com\/de\/2016\/09\/06\/die-ur-gruppe-konsolidiert-sein-engagement-fuer-die-internationalisierung\/\" \/>\n<meta property=\"og:locale\" content=\"de_DE\" \/>\n<meta property=\"og:type\" content=\"article\" \/>\n<meta property=\"og:title\" content=\"Die UR-Gruppe konsolidiert sein Engagement f\u00fcr die Internationalisierung - UR International DE\" \/>\n<meta property=\"og:description\" content=\"Ein weiterer Schritt in unserer globalen Strategie der assistierten Reproduktion: die Geburt der Wiedergabeeinheit in Mexiko-Stadt zu einem der f\u00fchrenden L\u00e4nder in Nord- und S\u00fcdamerika, Mexico. Im Oktober nahm Platz 8 in Mexiko-Stadt, Mexiko-Stadt, die Er\u00f6ffnung von UR Mexiko-Stadt. Zentrum der assistierten Reproduktion, die durch die Erfahrung der UR-Gruppe und ihre Konsolidierung auf nationale und [&hellip;]\" \/>\n<meta property=\"og:url\" content=\"https:\/\/urvistahermosainternational.com\/de\/2016\/09\/06\/die-ur-gruppe-konsolidiert-sein-engagement-fuer-die-internationalisierung\/\" \/>\n<meta property=\"og:site_name\" content=\"UR International DE\" \/>\n<meta property=\"article:published_time\" content=\"2016-09-06T18:47:50+00:00\" \/>\n<meta property=\"og:image\" content=\"http:\/\/urvistahermosa.com\/de\/files\/2017\/04\/Acto-inauguraci\u00f3n-UR-Ciudad-de-M\u00e9xico_reproducci\u00f3n-asistida-m\u00e9xico_espa\u00f1a_equipo-humano_oct-2016-310x233-1-140x105.jpg\" \/>\n<meta name=\"author\" content=\"mespi_wz3o8t8p\" \/>\n<meta name=\"twitter:card\" content=\"summary_large_image\" \/>\n<meta name=\"twitter:label1\" content=\"Verfasst von\" \/>\n\t<meta name=\"twitter:data1\" content=\"mespi_wz3o8t8p\" \/>\n\t<meta name=\"twitter:label2\" content=\"Gesch\u00e4tzte Lesezeit\" \/>\n\t<meta name=\"twitter:data2\" content=\"2\u00a0Minuten\" \/>\n<script type=\"application\/ld+json\" class=\"yoast-schema-graph\">{\"@context\":\"https:\\\/\\\/schema.org\",\"@graph\":[{\"@type\":\"Article\",\"@id\":\"https:\\\/\\\/urvistahermosainternational.com\\\/de\\\/2016\\\/09\\\/06\\\/die-ur-gruppe-konsolidiert-sein-engagement-fuer-die-internationalisierung\\\/#article\",\"isPartOf\":{\"@id\":\"https:\\\/\\\/urvistahermosainternational.com\\\/de\\\/2016\\\/09\\\/06\\\/die-ur-gruppe-konsolidiert-sein-engagement-fuer-die-internationalisierung\\\/\"},\"author\":{\"name\":\"mespi_wz3o8t8p\",\"@id\":\"https:\\\/\\\/urvistahermosainternational.com\\\/de\\\/#\\\/schema\\\/person\\\/ccf8d0f6ec028fe57c5e91856fef6459\"},\"headline\":\"Die UR-Gruppe konsolidiert sein Engagement f\u00fcr die Internationalisierung\",\"datePublished\":\"2016-09-06T18:47:50+00:00\",\"mainEntityOfPage\":{\"@id\":\"https:\\\/\\\/urvistahermosainternational.com\\\/de\\\/2016\\\/09\\\/06\\\/die-ur-gruppe-konsolidiert-sein-engagement-fuer-die-internationalisierung\\\/\"},\"wordCount\":314,\"commentCount\":0,\"image\":{\"@id\":\"https:\\\/\\\/urvistahermosainternational.com\\\/de\\\/2016\\\/09\\\/06\\\/die-ur-gruppe-konsolidiert-sein-engagement-fuer-die-internationalisierung\\\/#primaryimage\"},\"thumbnailUrl\":\"\",\"articleSection\":[\"Presse\"],\"inLanguage\":\"de\",\"potentialAction\":[{\"@type\":\"CommentAction\",\"name\":\"Comment\",\"target\":[\"https:\\\/\\\/urvistahermosainternational.com\\\/de\\\/2016\\\/09\\\/06\\\/die-ur-gruppe-konsolidiert-sein-engagement-fuer-die-internationalisierung\\\/#respond\"]}]},{\"@type\":\"WebPage\",\"@id\":\"https:\\\/\\\/urvistahermosainternational.com\\\/de\\\/2016\\\/09\\\/06\\\/die-ur-gruppe-konsolidiert-sein-engagement-fuer-die-internationalisierung\\\/\",\"url\":\"https:\\\/\\\/urvistahermosainternational.com\\\/de\\\/2016\\\/09\\\/06\\\/die-ur-gruppe-konsolidiert-sein-engagement-fuer-die-internationalisierung\\\/\",\"name\":\"Die UR-Gruppe konsolidiert sein Engagement f\u00fcr die Internationalisierung - UR International DE\",\"isPartOf\":{\"@id\":\"https:\\\/\\\/urvistahermosainternational.com\\\/de\\\/#website\"},\"primaryImageOfPage\":{\"@id\":\"https:\\\/\\\/urvistahermosainternational.com\\\/de\\\/2016\\\/09\\\/06\\\/die-ur-gruppe-konsolidiert-sein-engagement-fuer-die-internationalisierung\\\/#primaryimage\"},\"image\":{\"@id\":\"https:\\\/\\\/urvistahermosainternational.com\\\/de\\\/2016\\\/09\\\/06\\\/die-ur-gruppe-konsolidiert-sein-engagement-fuer-die-internationalisierung\\\/#primaryimage\"},\"thumbnailUrl\":\"\",\"datePublished\":\"2016-09-06T18:47:50+00:00\",\"author\":{\"@id\":\"https:\\\/\\\/urvistahermosainternational.com\\\/de\\\/#\\\/schema\\\/person\\\/ccf8d0f6ec028fe57c5e91856fef6459\"},\"breadcrumb\":{\"@id\":\"https:\\\/\\\/urvistahermosainternational.com\\\/de\\\/2016\\\/09\\\/06\\\/die-ur-gruppe-konsolidiert-sein-engagement-fuer-die-internationalisierung\\\/#breadcrumb\"},\"inLanguage\":\"de\",\"potentialAction\":[{\"@type\":\"ReadAction\",\"target\":[\"https:\\\/\\\/urvistahermosainternational.com\\\/de\\\/2016\\\/09\\\/06\\\/die-ur-gruppe-konsolidiert-sein-engagement-fuer-die-internationalisierung\\\/\"]}]},{\"@type\":\"ImageObject\",\"inLanguage\":\"de\",\"@id\":\"https:\\\/\\\/urvistahermosainternational.com\\\/de\\\/2016\\\/09\\\/06\\\/die-ur-gruppe-konsolidiert-sein-engagement-fuer-die-internationalisierung\\\/#primaryimage\",\"url\":\"\",\"contentUrl\":\"\"},{\"@type\":\"BreadcrumbList\",\"@id\":\"https:\\\/\\\/urvistahermosainternational.com\\\/de\\\/2016\\\/09\\\/06\\\/die-ur-gruppe-konsolidiert-sein-engagement-fuer-die-internationalisierung\\\/#breadcrumb\",\"itemListElement\":[{\"@type\":\"ListItem\",\"position\":1,\"name\":\"Home\",\"item\":\"https:\\\/\\\/urvistahermosainternational.com\\\/de\\\/\"},{\"@type\":\"ListItem\",\"position\":2,\"name\":\"Die UR-Gruppe konsolidiert sein Engagement f\u00fcr die Internationalisierung\"}]},{\"@type\":\"WebSite\",\"@id\":\"https:\\\/\\\/urvistahermosainternational.com\\\/de\\\/#website\",\"url\":\"https:\\\/\\\/urvistahermosainternational.com\\\/de\\\/\",\"name\":\"UR International DE\",\"description\":\"Otro sitio m\u00e1s de UR sitios\",\"potentialAction\":[{\"@type\":\"SearchAction\",\"target\":{\"@type\":\"EntryPoint\",\"urlTemplate\":\"https:\\\/\\\/urvistahermosainternational.com\\\/de\\\/?s={search_term_string}\"},\"query-input\":{\"@type\":\"PropertyValueSpecification\",\"valueRequired\":true,\"valueName\":\"search_term_string\"}}],\"inLanguage\":\"de\"},{\"@type\":\"Person\",\"@id\":\"https:\\\/\\\/urvistahermosainternational.com\\\/de\\\/#\\\/schema\\\/person\\\/ccf8d0f6ec028fe57c5e91856fef6459\",\"name\":\"mespi_wz3o8t8p\",\"image\":{\"@type\":\"ImageObject\",\"inLanguage\":\"de\",\"@id\":\"https:\\\/\\\/secure.gravatar.com\\\/avatar\\\/4e3586102b4dfd66d137e2d59c8049bfe057dc7f6809117962f9d0f14eaace33?s=96&d=mm&r=g\",\"url\":\"https:\\\/\\\/secure.gravatar.com\\\/avatar\\\/4e3586102b4dfd66d137e2d59c8049bfe057dc7f6809117962f9d0f14eaace33?s=96&d=mm&r=g\",\"contentUrl\":\"https:\\\/\\\/secure.gravatar.com\\\/avatar\\\/4e3586102b4dfd66d137e2d59c8049bfe057dc7f6809117962f9d0f14eaace33?s=96&d=mm&r=g\",\"caption\":\"mespi_wz3o8t8p\"},\"url\":\"https:\\\/\\\/urvistahermosainternational.com\\\/de\\\/author\\\/mespi_wz3o8t8p\\\/\"}]}<\/script>\n<!-- \/ Yoast SEO plugin. -->","yoast_head_json":{"title":"Die UR-Gruppe konsolidiert sein Engagement f\u00fcr die Internationalisierung - UR International DE","robots":{"index":"index","follow":"follow","max-snippet":"max-snippet:-1","max-image-preview":"max-image-preview:large","max-video-preview":"max-video-preview:-1"},"canonical":"https:\/\/urvistahermosainternational.com\/de\/2016\/09\/06\/die-ur-gruppe-konsolidiert-sein-engagement-fuer-die-internationalisierung\/","og_locale":"de_DE","og_type":"article","og_title":"Die UR-Gruppe konsolidiert sein Engagement f\u00fcr die Internationalisierung - UR International DE","og_description":"Ein weiterer Schritt in unserer globalen Strategie der assistierten Reproduktion: die Geburt der Wiedergabeeinheit in Mexiko-Stadt zu einem der f\u00fchrenden L\u00e4nder in Nord- und S\u00fcdamerika, Mexico. Im Oktober nahm Platz 8 in Mexiko-Stadt, Mexiko-Stadt, die Er\u00f6ffnung von UR Mexiko-Stadt. Zentrum der assistierten Reproduktion, die durch die Erfahrung der UR-Gruppe und ihre Konsolidierung auf nationale und [&hellip;]","og_url":"https:\/\/urvistahermosainternational.com\/de\/2016\/09\/06\/die-ur-gruppe-konsolidiert-sein-engagement-fuer-die-internationalisierung\/","og_site_name":"UR International DE","article_published_time":"2016-09-06T18:47:50+00:00","og_image":[{"url":"http:\/\/urvistahermosa.com\/de\/files\/2017\/04\/Acto-inauguraci\u00f3n-UR-Ciudad-de-M\u00e9xico_reproducci\u00f3n-asistida-m\u00e9xico_espa\u00f1a_equipo-humano_oct-2016-310x233-1-140x105.jpg","type":"","width":"","height":""}],"author":"mespi_wz3o8t8p","twitter_card":"summary_large_image","twitter_misc":{"Verfasst von":"mespi_wz3o8t8p","Gesch\u00e4tzte Lesezeit":"2\u00a0Minuten"},"schema":{"@context":"https:\/\/schema.org","@graph":[{"@type":"Article","@id":"https:\/\/urvistahermosainternational.com\/de\/2016\/09\/06\/die-ur-gruppe-konsolidiert-sein-engagement-fuer-die-internationalisierung\/#article","isPartOf":{"@id":"https:\/\/urvistahermosainternational.com\/de\/2016\/09\/06\/die-ur-gruppe-konsolidiert-sein-engagement-fuer-die-internationalisierung\/"},"author":{"name":"mespi_wz3o8t8p","@id":"https:\/\/urvistahermosainternational.com\/de\/#\/schema\/person\/ccf8d0f6ec028fe57c5e91856fef6459"},"headline":"Die UR-Gruppe konsolidiert sein Engagement f\u00fcr die Internationalisierung","datePublished":"2016-09-06T18:47:50+00:00","mainEntityOfPage":{"@id":"https:\/\/urvistahermosainternational.com\/de\/2016\/09\/06\/die-ur-gruppe-konsolidiert-sein-engagement-fuer-die-internationalisierung\/"},"wordCount":314,"commentCount":0,"image":{"@id":"https:\/\/urvistahermosainternational.com\/de\/2016\/09\/06\/die-ur-gruppe-konsolidiert-sein-engagement-fuer-die-internationalisierung\/#primaryimage"},"thumbnailUrl":"","articleSection":["Presse"],"inLanguage":"de","potentialAction":[{"@type":"CommentAction","name":"Comment","target":["https:\/\/urvistahermosainternational.com\/de\/2016\/09\/06\/die-ur-gruppe-konsolidiert-sein-engagement-fuer-die-internationalisierung\/#respond"]}]},{"@type":"WebPage","@id":"https:\/\/urvistahermosainternational.com\/de\/2016\/09\/06\/die-ur-gruppe-konsolidiert-sein-engagement-fuer-die-internationalisierung\/","url":"https:\/\/urvistahermosainternational.com\/de\/2016\/09\/06\/die-ur-gruppe-konsolidiert-sein-engagement-fuer-die-internationalisierung\/","name":"Die UR-Gruppe konsolidiert sein Engagement f\u00fcr die Internationalisierung - UR International DE","isPartOf":{"@id":"https:\/\/urvistahermosainternational.com\/de\/#website"},"primaryImageOfPage":{"@id":"https:\/\/urvistahermosainternational.com\/de\/2016\/09\/06\/die-ur-gruppe-konsolidiert-sein-engagement-fuer-die-internationalisierung\/#primaryimage"},"image":{"@id":"https:\/\/urvistahermosainternational.com\/de\/2016\/09\/06\/die-ur-gruppe-konsolidiert-sein-engagement-fuer-die-internationalisierung\/#primaryimage"},"thumbnailUrl":"","datePublished":"2016-09-06T18:47:50+00:00","author":{"@id":"https:\/\/urvistahermosainternational.com\/de\/#\/schema\/person\/ccf8d0f6ec028fe57c5e91856fef6459"},"breadcrumb":{"@id":"https:\/\/urvistahermosainternational.com\/de\/2016\/09\/06\/die-ur-gruppe-konsolidiert-sein-engagement-fuer-die-internationalisierung\/#breadcrumb"},"inLanguage":"de","potentialAction":[{"@type":"ReadAction","target":["https:\/\/urvistahermosainternational.com\/de\/2016\/09\/06\/die-ur-gruppe-konsolidiert-sein-engagement-fuer-die-internationalisierung\/"]}]},{"@type":"ImageObject","inLanguage":"de","@id":"https:\/\/urvistahermosainternational.com\/de\/2016\/09\/06\/die-ur-gruppe-konsolidiert-sein-engagement-fuer-die-internationalisierung\/#primaryimage","url":"","contentUrl":""},{"@type":"BreadcrumbList","@id":"https:\/\/urvistahermosainternational.com\/de\/2016\/09\/06\/die-ur-gruppe-konsolidiert-sein-engagement-fuer-die-internationalisierung\/#breadcrumb","itemListElement":[{"@type":"ListItem","position":1,"name":"Home","item":"https:\/\/urvistahermosainternational.com\/de\/"},{"@type":"ListItem","position":2,"name":"Die UR-Gruppe konsolidiert sein Engagement f\u00fcr die Internationalisierung"}]},{"@type":"WebSite","@id":"https:\/\/urvistahermosainternational.com\/de\/#website","url":"https:\/\/urvistahermosainternational.com\/de\/","name":"UR International DE","description":"Otro sitio m\u00e1s de UR sitios","potentialAction":[{"@type":"SearchAction","target":{"@type":"EntryPoint","urlTemplate":"https:\/\/urvistahermosainternational.com\/de\/?s={search_term_string}"},"query-input":{"@type":"PropertyValueSpecification","valueRequired":true,"valueName":"search_term_string"}}],"inLanguage":"de"},{"@type":"Person","@id":"https:\/\/urvistahermosainternational.com\/de\/#\/schema\/person\/ccf8d0f6ec028fe57c5e91856fef6459","name":"mespi_wz3o8t8p","image":{"@type":"ImageObject","inLanguage":"de","@id":"https:\/\/secure.gravatar.com\/avatar\/4e3586102b4dfd66d137e2d59c8049bfe057dc7f6809117962f9d0f14eaace33?s=96&d=mm&r=g","url":"https:\/\/secure.gravatar.com\/avatar\/4e3586102b4dfd66d137e2d59c8049bfe057dc7f6809117962f9d0f14eaace33?s=96&d=mm&r=g","contentUrl":"https:\/\/secure.gravatar.com\/avatar\/4e3586102b4dfd66d137e2d59c8049bfe057dc7f6809117962f9d0f14eaace33?s=96&d=mm&r=g","caption":"mespi_wz3o8t8p"},"url":"https:\/\/urvistahermosainternational.com\/de\/author\/mespi_wz3o8t8p\/"}]}},"_links":{"self":[{"href":"https:\/\/urvistahermosainternational.com\/de\/wp-json\/wp\/v2\/posts\/2230","targetHints":{"allow":["GET"]}}],"collection":[{"href":"https:\/\/urvistahermosainternational.com\/de\/wp-json\/wp\/v2\/posts"}],"about":[{"href":"https:\/\/urvistahermosainternational.com\/de\/wp-json\/wp\/v2\/types\/post"}],"author":[{"embeddable":true,"href":"https:\/\/urvistahermosainternational.com\/de\/wp-json\/wp\/v2\/users\/1"}],"replies":[{"embeddable":true,"href":"https:\/\/urvistahermosainternational.com\/de\/wp-json\/wp\/v2\/comments?post=2230"}],"version-history":[{"count":0,"href":"https:\/\/urvistahermosainternational.com\/de\/wp-json\/wp\/v2\/posts\/2230\/revisions"}],"wp:featuredmedia":[{"embeddable":true,"href":"https:\/\/urvistahermosainternational.com\/de\/wp-json\/"}],"wp:attachment":[{"href":"https:\/\/urvistahermosainternational.com\/de\/wp-json\/wp\/v2\/media?parent=2230"}],"wp:term":[{"taxonomy":"category","embeddable":true,"href":"https:\/\/urvistahermosainternational.com\/de\/wp-json\/wp\/v2\/categories?post=2230"},{"taxonomy":"post_tag","embeddable":true,"href":"https:\/\/urvistahermosainternational.com\/de\/wp-json\/wp\/v2\/tags?post=2230"}],"curies":[{"name":"wp","href":"https:\/\/api.w.org\/{rel}","templated":true}]}}