{"id":2213,"date":"2016-12-19T18:00:52","date_gmt":"2016-12-19T18:00:52","guid":{"rendered":"http:\/\/urvistahermosa.com\/de\/?p=2213"},"modified":"2016-12-19T18:00:52","modified_gmt":"2016-12-19T18:00:52","slug":"ur-vistahermosa-team-feiert-weihnachten","status":"publish","type":"post","link":"https:\/\/urvistahermosainternational.com\/de\/2016\/12\/19\/ur-vistahermosa-team-feiert-weihnachten\/","title":{"rendered":"UR Vistahermosa Team feiert Weihnachten"},"content":{"rendered":"<p><img loading=\"lazy\" decoding=\"async\" class=\"aligncenter size-large wp-image-2214\" src=\"http:\/\/urvistahermosa.com\/de\/files\/2017\/04\/Unidad-de-Reproducci\u00f3n-Cl\u00ednica-Vistahemosa_Comida-Navidad-diciembre-2016_web_v3-588x361-588x361.jpg\" alt=\"Unidad-de-Reproducci\u00f3n-Cl\u00ednica-Vistahemosa_Comida-Navidad-diciembre-2016_web_v3-588x361\" width=\"588\" height=\"361\" \/><br \/>\nAm vergangenen Samstag 17. Dezember Reproduction Einheit Vistahermosa Klinik hielt sein traditionelles Weihnachtsessen. Sie fand in den Hallen eines Verweises in der Gastronomie von Alicante: Restaurant Nou Manolin.<br \/>\nJedes Jahr wird die Mitarbeiter von jeder der Abteilungen, die UR Vistahermosa machen, genossen ein Ereignis weit vom gesamten Team gefeiert und in denen nehmen wir Vorrat eines neuen Jahres, die zu Ende geht und dass dient als Haus zum anderen Jahr, wo die <img loading=\"lazy\" decoding=\"async\" class=\"alignright size-medium wp-image-2215\" src=\"http:\/\/urvistahermosa.com\/de\/files\/2017\/04\/UR-Vistahermosa_Xmas_2016_web-310x207-310x207.jpg\" alt=\"UR-Vistahermosa_Xmas_2016_web-310x207\" width=\"310\" height=\"207\" \/>Begeisterung f\u00fcr die Arbeit gut gemacht, pers\u00f6nlicher Service f\u00fcr unsere Patienten und die kontinuierlichen Notwendigkeit, unsere Dienste jeden Tag zu verbessern, wird im Jahr 2017 vorliegen.<br \/>\nDas bedeutet auch, Weihnachtsessen f\u00fcr alle, die einen Teil der Wiedergabeeinheit Vistahermosa Klinik eins sind<br \/>\nMoment der Freude jeden einzelnen der Menschen zu erinnern, die uns vertraut haben, die durch unsere Klinik bestanden haben oder besucht hat. Wenn sie nichts davon w\u00e4re m\u00f6glich.<br \/>\nDaher Dank an alle diejenigen, die die Familie von UR Vistahermosa Klinik bilden.<\/p>\n<h3>Wir w\u00fcnschen Ihnen ein frohes Weihnachtsfest und ein gutes neues Jahr 2017!<\/h3>\n","protected":false},"excerpt":{"rendered":"<p>Am vergangenen Samstag 17. Dezember Reproduction Einheit Vistahermosa Klinik hielt sein traditionelles Weihnachtsessen. Sie fand in den Hallen eines Verweises in der Gastronomie von Alicante: Restaurant Nou Manolin. Jedes Jahr wird die Mitarbeiter von jeder der Abteilungen, die UR Vistahermosa machen, genossen ein Ereignis weit vom gesamten Team gefeiert und in denen nehmen wir Vorrat [&hellip;]<\/p>\n","protected":false},"author":1,"featured_media":2214,"comment_status":"open","ping_status":"open","sticky":false,"template":"","format":"standard","meta":{"_acf_changed":false,"footnotes":""},"categories":[9],"tags":[],"class_list":["post-2213","post","type-post","status-publish","format-standard","has-post-thumbnail","hentry","category-presse"],"acf":[],"yoast_head":"<!-- This site is optimized with the Yoast SEO plugin v27.5 - https:\/\/yoast.com\/product\/yoast-seo-wordpress\/ -->\n<title>UR Vistahermosa Team feiert Weihnachten - UR International DE<\/title>\n<meta name=\"robots\" content=\"index, follow, max-snippet:-1, max-image-preview:large, max-video-preview:-1\" \/>\n<link rel=\"canonical\" href=\"https:\/\/urvistahermosainternational.com\/de\/2016\/12\/19\/ur-vistahermosa-team-feiert-weihnachten\/\" \/>\n<meta property=\"og:locale\" content=\"de_DE\" \/>\n<meta property=\"og:type\" content=\"article\" \/>\n<meta property=\"og:title\" content=\"UR Vistahermosa Team feiert Weihnachten - UR International DE\" \/>\n<meta property=\"og:description\" content=\"Am vergangenen Samstag 17. Dezember Reproduction Einheit Vistahermosa Klinik hielt sein traditionelles Weihnachtsessen. Sie fand in den Hallen eines Verweises in der Gastronomie von Alicante: Restaurant Nou Manolin. Jedes Jahr wird die Mitarbeiter von jeder der Abteilungen, die UR Vistahermosa machen, genossen ein Ereignis weit vom gesamten Team gefeiert und in denen nehmen wir Vorrat [&hellip;]\" \/>\n<meta property=\"og:url\" content=\"https:\/\/urvistahermosainternational.com\/de\/2016\/12\/19\/ur-vistahermosa-team-feiert-weihnachten\/\" \/>\n<meta property=\"og:site_name\" content=\"UR International DE\" \/>\n<meta property=\"article:published_time\" content=\"2016-12-19T18:00:52+00:00\" \/>\n<meta property=\"og:image\" content=\"http:\/\/urvistahermosa.com\/de\/files\/2017\/04\/Unidad-de-Reproducci\u00f3n-Cl\u00ednica-Vistahemosa_Comida-Navidad-diciembre-2016_web_v3-588x361-588x361.jpg\" \/>\n<meta name=\"author\" content=\"mespi_wz3o8t8p\" \/>\n<meta name=\"twitter:card\" content=\"summary_large_image\" \/>\n<meta name=\"twitter:label1\" content=\"Verfasst von\" \/>\n\t<meta name=\"twitter:data1\" content=\"mespi_wz3o8t8p\" \/>\n\t<meta name=\"twitter:label2\" content=\"Gesch\u00e4tzte Lesezeit\" \/>\n\t<meta name=\"twitter:data2\" content=\"1\u00a0Minute\" \/>\n<script type=\"application\/ld+json\" class=\"yoast-schema-graph\">{\"@context\":\"https:\\\/\\\/schema.org\",\"@graph\":[{\"@type\":\"Article\",\"@id\":\"https:\\\/\\\/urvistahermosainternational.com\\\/de\\\/2016\\\/12\\\/19\\\/ur-vistahermosa-team-feiert-weihnachten\\\/#article\",\"isPartOf\":{\"@id\":\"https:\\\/\\\/urvistahermosainternational.com\\\/de\\\/2016\\\/12\\\/19\\\/ur-vistahermosa-team-feiert-weihnachten\\\/\"},\"author\":{\"name\":\"mespi_wz3o8t8p\",\"@id\":\"https:\\\/\\\/urvistahermosainternational.com\\\/de\\\/#\\\/schema\\\/person\\\/ccf8d0f6ec028fe57c5e91856fef6459\"},\"headline\":\"UR Vistahermosa Team feiert Weihnachten\",\"datePublished\":\"2016-12-19T18:00:52+00:00\",\"mainEntityOfPage\":{\"@id\":\"https:\\\/\\\/urvistahermosainternational.com\\\/de\\\/2016\\\/12\\\/19\\\/ur-vistahermosa-team-feiert-weihnachten\\\/\"},\"wordCount\":175,\"commentCount\":0,\"image\":{\"@id\":\"https:\\\/\\\/urvistahermosainternational.com\\\/de\\\/2016\\\/12\\\/19\\\/ur-vistahermosa-team-feiert-weihnachten\\\/#primaryimage\"},\"thumbnailUrl\":\"\",\"articleSection\":[\"Presse\"],\"inLanguage\":\"de\",\"potentialAction\":[{\"@type\":\"CommentAction\",\"name\":\"Comment\",\"target\":[\"https:\\\/\\\/urvistahermosainternational.com\\\/de\\\/2016\\\/12\\\/19\\\/ur-vistahermosa-team-feiert-weihnachten\\\/#respond\"]}]},{\"@type\":\"WebPage\",\"@id\":\"https:\\\/\\\/urvistahermosainternational.com\\\/de\\\/2016\\\/12\\\/19\\\/ur-vistahermosa-team-feiert-weihnachten\\\/\",\"url\":\"https:\\\/\\\/urvistahermosainternational.com\\\/de\\\/2016\\\/12\\\/19\\\/ur-vistahermosa-team-feiert-weihnachten\\\/\",\"name\":\"UR Vistahermosa Team feiert Weihnachten - UR International DE\",\"isPartOf\":{\"@id\":\"https:\\\/\\\/urvistahermosainternational.com\\\/de\\\/#website\"},\"primaryImageOfPage\":{\"@id\":\"https:\\\/\\\/urvistahermosainternational.com\\\/de\\\/2016\\\/12\\\/19\\\/ur-vistahermosa-team-feiert-weihnachten\\\/#primaryimage\"},\"image\":{\"@id\":\"https:\\\/\\\/urvistahermosainternational.com\\\/de\\\/2016\\\/12\\\/19\\\/ur-vistahermosa-team-feiert-weihnachten\\\/#primaryimage\"},\"thumbnailUrl\":\"\",\"datePublished\":\"2016-12-19T18:00:52+00:00\",\"author\":{\"@id\":\"https:\\\/\\\/urvistahermosainternational.com\\\/de\\\/#\\\/schema\\\/person\\\/ccf8d0f6ec028fe57c5e91856fef6459\"},\"breadcrumb\":{\"@id\":\"https:\\\/\\\/urvistahermosainternational.com\\\/de\\\/2016\\\/12\\\/19\\\/ur-vistahermosa-team-feiert-weihnachten\\\/#breadcrumb\"},\"inLanguage\":\"de\",\"potentialAction\":[{\"@type\":\"ReadAction\",\"target\":[\"https:\\\/\\\/urvistahermosainternational.com\\\/de\\\/2016\\\/12\\\/19\\\/ur-vistahermosa-team-feiert-weihnachten\\\/\"]}]},{\"@type\":\"ImageObject\",\"inLanguage\":\"de\",\"@id\":\"https:\\\/\\\/urvistahermosainternational.com\\\/de\\\/2016\\\/12\\\/19\\\/ur-vistahermosa-team-feiert-weihnachten\\\/#primaryimage\",\"url\":\"\",\"contentUrl\":\"\"},{\"@type\":\"BreadcrumbList\",\"@id\":\"https:\\\/\\\/urvistahermosainternational.com\\\/de\\\/2016\\\/12\\\/19\\\/ur-vistahermosa-team-feiert-weihnachten\\\/#breadcrumb\",\"itemListElement\":[{\"@type\":\"ListItem\",\"position\":1,\"name\":\"Home\",\"item\":\"https:\\\/\\\/urvistahermosainternational.com\\\/de\\\/\"},{\"@type\":\"ListItem\",\"position\":2,\"name\":\"UR Vistahermosa Team feiert Weihnachten\"}]},{\"@type\":\"WebSite\",\"@id\":\"https:\\\/\\\/urvistahermosainternational.com\\\/de\\\/#website\",\"url\":\"https:\\\/\\\/urvistahermosainternational.com\\\/de\\\/\",\"name\":\"UR International DE\",\"description\":\"Otro sitio m\u00e1s de UR sitios\",\"potentialAction\":[{\"@type\":\"SearchAction\",\"target\":{\"@type\":\"EntryPoint\",\"urlTemplate\":\"https:\\\/\\\/urvistahermosainternational.com\\\/de\\\/?s={search_term_string}\"},\"query-input\":{\"@type\":\"PropertyValueSpecification\",\"valueRequired\":true,\"valueName\":\"search_term_string\"}}],\"inLanguage\":\"de\"},{\"@type\":\"Person\",\"@id\":\"https:\\\/\\\/urvistahermosainternational.com\\\/de\\\/#\\\/schema\\\/person\\\/ccf8d0f6ec028fe57c5e91856fef6459\",\"name\":\"mespi_wz3o8t8p\",\"image\":{\"@type\":\"ImageObject\",\"inLanguage\":\"de\",\"@id\":\"https:\\\/\\\/secure.gravatar.com\\\/avatar\\\/4e3586102b4dfd66d137e2d59c8049bfe057dc7f6809117962f9d0f14eaace33?s=96&d=mm&r=g\",\"url\":\"https:\\\/\\\/secure.gravatar.com\\\/avatar\\\/4e3586102b4dfd66d137e2d59c8049bfe057dc7f6809117962f9d0f14eaace33?s=96&d=mm&r=g\",\"contentUrl\":\"https:\\\/\\\/secure.gravatar.com\\\/avatar\\\/4e3586102b4dfd66d137e2d59c8049bfe057dc7f6809117962f9d0f14eaace33?s=96&d=mm&r=g\",\"caption\":\"mespi_wz3o8t8p\"},\"url\":\"https:\\\/\\\/urvistahermosainternational.com\\\/de\\\/author\\\/mespi_wz3o8t8p\\\/\"}]}<\/script>\n<!-- \/ Yoast SEO plugin. -->","yoast_head_json":{"title":"UR Vistahermosa Team feiert Weihnachten - UR International DE","robots":{"index":"index","follow":"follow","max-snippet":"max-snippet:-1","max-image-preview":"max-image-preview:large","max-video-preview":"max-video-preview:-1"},"canonical":"https:\/\/urvistahermosainternational.com\/de\/2016\/12\/19\/ur-vistahermosa-team-feiert-weihnachten\/","og_locale":"de_DE","og_type":"article","og_title":"UR Vistahermosa Team feiert Weihnachten - UR International DE","og_description":"Am vergangenen Samstag 17. Dezember Reproduction Einheit Vistahermosa Klinik hielt sein traditionelles Weihnachtsessen. Sie fand in den Hallen eines Verweises in der Gastronomie von Alicante: Restaurant Nou Manolin. Jedes Jahr wird die Mitarbeiter von jeder der Abteilungen, die UR Vistahermosa machen, genossen ein Ereignis weit vom gesamten Team gefeiert und in denen nehmen wir Vorrat [&hellip;]","og_url":"https:\/\/urvistahermosainternational.com\/de\/2016\/12\/19\/ur-vistahermosa-team-feiert-weihnachten\/","og_site_name":"UR International DE","article_published_time":"2016-12-19T18:00:52+00:00","og_image":[{"url":"http:\/\/urvistahermosa.com\/de\/files\/2017\/04\/Unidad-de-Reproducci\u00f3n-Cl\u00ednica-Vistahemosa_Comida-Navidad-diciembre-2016_web_v3-588x361-588x361.jpg","type":"","width":"","height":""}],"author":"mespi_wz3o8t8p","twitter_card":"summary_large_image","twitter_misc":{"Verfasst von":"mespi_wz3o8t8p","Gesch\u00e4tzte Lesezeit":"1\u00a0Minute"},"schema":{"@context":"https:\/\/schema.org","@graph":[{"@type":"Article","@id":"https:\/\/urvistahermosainternational.com\/de\/2016\/12\/19\/ur-vistahermosa-team-feiert-weihnachten\/#article","isPartOf":{"@id":"https:\/\/urvistahermosainternational.com\/de\/2016\/12\/19\/ur-vistahermosa-team-feiert-weihnachten\/"},"author":{"name":"mespi_wz3o8t8p","@id":"https:\/\/urvistahermosainternational.com\/de\/#\/schema\/person\/ccf8d0f6ec028fe57c5e91856fef6459"},"headline":"UR Vistahermosa Team feiert Weihnachten","datePublished":"2016-12-19T18:00:52+00:00","mainEntityOfPage":{"@id":"https:\/\/urvistahermosainternational.com\/de\/2016\/12\/19\/ur-vistahermosa-team-feiert-weihnachten\/"},"wordCount":175,"commentCount":0,"image":{"@id":"https:\/\/urvistahermosainternational.com\/de\/2016\/12\/19\/ur-vistahermosa-team-feiert-weihnachten\/#primaryimage"},"thumbnailUrl":"","articleSection":["Presse"],"inLanguage":"de","potentialAction":[{"@type":"CommentAction","name":"Comment","target":["https:\/\/urvistahermosainternational.com\/de\/2016\/12\/19\/ur-vistahermosa-team-feiert-weihnachten\/#respond"]}]},{"@type":"WebPage","@id":"https:\/\/urvistahermosainternational.com\/de\/2016\/12\/19\/ur-vistahermosa-team-feiert-weihnachten\/","url":"https:\/\/urvistahermosainternational.com\/de\/2016\/12\/19\/ur-vistahermosa-team-feiert-weihnachten\/","name":"UR Vistahermosa Team feiert Weihnachten - UR International DE","isPartOf":{"@id":"https:\/\/urvistahermosainternational.com\/de\/#website"},"primaryImageOfPage":{"@id":"https:\/\/urvistahermosainternational.com\/de\/2016\/12\/19\/ur-vistahermosa-team-feiert-weihnachten\/#primaryimage"},"image":{"@id":"https:\/\/urvistahermosainternational.com\/de\/2016\/12\/19\/ur-vistahermosa-team-feiert-weihnachten\/#primaryimage"},"thumbnailUrl":"","datePublished":"2016-12-19T18:00:52+00:00","author":{"@id":"https:\/\/urvistahermosainternational.com\/de\/#\/schema\/person\/ccf8d0f6ec028fe57c5e91856fef6459"},"breadcrumb":{"@id":"https:\/\/urvistahermosainternational.com\/de\/2016\/12\/19\/ur-vistahermosa-team-feiert-weihnachten\/#breadcrumb"},"inLanguage":"de","potentialAction":[{"@type":"ReadAction","target":["https:\/\/urvistahermosainternational.com\/de\/2016\/12\/19\/ur-vistahermosa-team-feiert-weihnachten\/"]}]},{"@type":"ImageObject","inLanguage":"de","@id":"https:\/\/urvistahermosainternational.com\/de\/2016\/12\/19\/ur-vistahermosa-team-feiert-weihnachten\/#primaryimage","url":"","contentUrl":""},{"@type":"BreadcrumbList","@id":"https:\/\/urvistahermosainternational.com\/de\/2016\/12\/19\/ur-vistahermosa-team-feiert-weihnachten\/#breadcrumb","itemListElement":[{"@type":"ListItem","position":1,"name":"Home","item":"https:\/\/urvistahermosainternational.com\/de\/"},{"@type":"ListItem","position":2,"name":"UR Vistahermosa Team feiert Weihnachten"}]},{"@type":"WebSite","@id":"https:\/\/urvistahermosainternational.com\/de\/#website","url":"https:\/\/urvistahermosainternational.com\/de\/","name":"UR International DE","description":"Otro sitio m\u00e1s de UR sitios","potentialAction":[{"@type":"SearchAction","target":{"@type":"EntryPoint","urlTemplate":"https:\/\/urvistahermosainternational.com\/de\/?s={search_term_string}"},"query-input":{"@type":"PropertyValueSpecification","valueRequired":true,"valueName":"search_term_string"}}],"inLanguage":"de"},{"@type":"Person","@id":"https:\/\/urvistahermosainternational.com\/de\/#\/schema\/person\/ccf8d0f6ec028fe57c5e91856fef6459","name":"mespi_wz3o8t8p","image":{"@type":"ImageObject","inLanguage":"de","@id":"https:\/\/secure.gravatar.com\/avatar\/4e3586102b4dfd66d137e2d59c8049bfe057dc7f6809117962f9d0f14eaace33?s=96&d=mm&r=g","url":"https:\/\/secure.gravatar.com\/avatar\/4e3586102b4dfd66d137e2d59c8049bfe057dc7f6809117962f9d0f14eaace33?s=96&d=mm&r=g","contentUrl":"https:\/\/secure.gravatar.com\/avatar\/4e3586102b4dfd66d137e2d59c8049bfe057dc7f6809117962f9d0f14eaace33?s=96&d=mm&r=g","caption":"mespi_wz3o8t8p"},"url":"https:\/\/urvistahermosainternational.com\/de\/author\/mespi_wz3o8t8p\/"}]}},"_links":{"self":[{"href":"https:\/\/urvistahermosainternational.com\/de\/wp-json\/wp\/v2\/posts\/2213","targetHints":{"allow":["GET"]}}],"collection":[{"href":"https:\/\/urvistahermosainternational.com\/de\/wp-json\/wp\/v2\/posts"}],"about":[{"href":"https:\/\/urvistahermosainternational.com\/de\/wp-json\/wp\/v2\/types\/post"}],"author":[{"embeddable":true,"href":"https:\/\/urvistahermosainternational.com\/de\/wp-json\/wp\/v2\/users\/1"}],"replies":[{"embeddable":true,"href":"https:\/\/urvistahermosainternational.com\/de\/wp-json\/wp\/v2\/comments?post=2213"}],"version-history":[{"count":0,"href":"https:\/\/urvistahermosainternational.com\/de\/wp-json\/wp\/v2\/posts\/2213\/revisions"}],"wp:featuredmedia":[{"embeddable":true,"href":"https:\/\/urvistahermosainternational.com\/de\/wp-json\/"}],"wp:attachment":[{"href":"https:\/\/urvistahermosainternational.com\/de\/wp-json\/wp\/v2\/media?parent=2213"}],"wp:term":[{"taxonomy":"category","embeddable":true,"href":"https:\/\/urvistahermosainternational.com\/de\/wp-json\/wp\/v2\/categories?post=2213"},{"taxonomy":"post_tag","embeddable":true,"href":"https:\/\/urvistahermosainternational.com\/de\/wp-json\/wp\/v2\/tags?post=2213"}],"curies":[{"name":"wp","href":"https:\/\/api.w.org\/{rel}","templated":true}]}}