{"id":2143,"date":"2016-04-28T18:06:15","date_gmt":"2016-04-28T18:06:15","guid":{"rendered":"http:\/\/urvistahermosa.com\/de\/?p=2143"},"modified":"2016-04-28T18:06:15","modified_gmt":"2016-04-28T18:06:15","slug":"die-abteilung-von-genetik-vistahermosa-identifiziert-eine-neue-mutation-die-mit-hydrocephalus-assoziiert-ist","status":"publish","type":"post","link":"https:\/\/urvistahermosainternational.com\/de\/2016\/04\/28\/die-abteilung-von-genetik-vistahermosa-identifiziert-eine-neue-mutation-die-mit-hydrocephalus-assoziiert-ist\/","title":{"rendered":"Die Abteilung von Genetik Vistahermosa identifiziert eine neue Mutation, die mit Hydrocephalus assoziiert ist."},"content":{"rendered":"<p>Die Arbeit dieser Abteilung zusammen mit der UR-Gruppe kann diese Pathologie verhindern, die Hirnschaden in 1 von jedem 1.200 Schwangerschaften sch\u00e4digt.<br \/>\n<img loading=\"lazy\" decoding=\"async\" class=\"alignleft wp-image-2144 size-medium\" src=\"http:\/\/urvistahermosa.com\/de\/files\/2016\/06\/UNIDAD-DE-REPRODUCCIO\u00cc-implantation-failures-310x207.jpg\" alt=\"UNIDAD DE REPRODUCCIO\u00cc-implantation failures\" width=\"310\" height=\"207\" \/>Die \u00c4rzte der Abteilung von Genetik Vistahermosa, zugeteilt in der UR-Gruppe, Isabel Ochando, Antonio Urbano und Joaqu\u00edn Rueda haben eine Mutation im Gen L1 CAM identifiziert, die eine wichtige Rolle bei der Entstehung des Hydrocephalus und Agenesie des Corpus callosum spielt.<br \/>\nDiese Krankheit, die wegen der Ansammlung von Liquor cerebrospinalis im Sch\u00e4del geschehen wird, kann schweren Hirnsch\u00e4den wirkt und sie findet sich in 1 von jedem 1.200 Schwangerschaften.<br \/>\nDie Arbeit, die in Zusammenarbeit mit den \u00c4rzten Gasc\u00f3n, Aci\u00e9n und Vidal der Abteilung von Gyn\u00e4kologie des Universit\u00e4tsklinikums San Juan durchgef\u00fchrt wird, \u00f6ffnet sich ein Weg f\u00fcr die Pr\u00e4vention dieser Pathologie, dass pr\u00e4natal bei mehreren Mitgliedern einer Familie diagnostiziert wird.<br \/>\nDie Wichtigkeit des Ergebnises dieser Forschung bedeutete, dass diese Forschung in der letzten Ausgabe der Zeitschrift \u201eJournal of Obstetrics and Gynaecology\u201c ver\u00f6ffentlicht wurde.    \t<\/p>\n","protected":false},"excerpt":{"rendered":"<p>Die Arbeit dieser Abteilung zusammen mit der UR-Gruppe kann diese Pathologie verhindern, die Hirnschaden in 1 von jedem 1.200 Schwangerschaften sch\u00e4digt. Die \u00c4rzte der Abteilung von Genetik Vistahermosa, zugeteilt in der UR-Gruppe, Isabel Ochando, Antonio Urbano und Joaqu\u00edn Rueda haben eine Mutation im Gen L1 CAM identifiziert, die eine wichtige Rolle bei der Entstehung des [&hellip;]<\/p>\n","protected":false},"author":1,"featured_media":1716,"comment_status":"open","ping_status":"open","sticky":false,"template":"","format":"standard","meta":{"_acf_changed":false,"footnotes":""},"categories":[9],"tags":[],"class_list":["post-2143","post","type-post","status-publish","format-standard","has-post-thumbnail","hentry","category-presse"],"acf":[],"yoast_head":"<!-- This site is optimized with the Yoast SEO plugin v27.5 - https:\/\/yoast.com\/product\/yoast-seo-wordpress\/ -->\n<title>Die Abteilung von Genetik Vistahermosa identifiziert eine neue Mutation, die mit Hydrocephalus assoziiert ist. - UR International DE<\/title>\n<meta name=\"robots\" content=\"index, follow, max-snippet:-1, max-image-preview:large, max-video-preview:-1\" \/>\n<link rel=\"canonical\" href=\"https:\/\/urvistahermosainternational.com\/de\/2016\/04\/28\/die-abteilung-von-genetik-vistahermosa-identifiziert-eine-neue-mutation-die-mit-hydrocephalus-assoziiert-ist\/\" \/>\n<meta property=\"og:locale\" content=\"de_DE\" \/>\n<meta property=\"og:type\" content=\"article\" \/>\n<meta property=\"og:title\" content=\"Die Abteilung von Genetik Vistahermosa identifiziert eine neue Mutation, die mit Hydrocephalus assoziiert ist. - UR International DE\" \/>\n<meta property=\"og:description\" content=\"Die Arbeit dieser Abteilung zusammen mit der UR-Gruppe kann diese Pathologie verhindern, die Hirnschaden in 1 von jedem 1.200 Schwangerschaften sch\u00e4digt. Die \u00c4rzte der Abteilung von Genetik Vistahermosa, zugeteilt in der UR-Gruppe, Isabel Ochando, Antonio Urbano und Joaqu\u00edn Rueda haben eine Mutation im Gen L1 CAM identifiziert, die eine wichtige Rolle bei der Entstehung des [&hellip;]\" \/>\n<meta property=\"og:url\" content=\"https:\/\/urvistahermosainternational.com\/de\/2016\/04\/28\/die-abteilung-von-genetik-vistahermosa-identifiziert-eine-neue-mutation-die-mit-hydrocephalus-assoziiert-ist\/\" \/>\n<meta property=\"og:site_name\" content=\"UR International DE\" \/>\n<meta property=\"article:published_time\" content=\"2016-04-28T18:06:15+00:00\" \/>\n<meta property=\"og:image\" content=\"http:\/\/urvistahermosa.com\/de\/files\/2016\/06\/UNIDAD-DE-REPRODUCCIO\u00cc-implantation-failures-310x207.jpg\" \/>\n<meta name=\"author\" content=\"mespi_wz3o8t8p\" \/>\n<meta name=\"twitter:card\" content=\"summary_large_image\" \/>\n<meta name=\"twitter:label1\" content=\"Verfasst von\" \/>\n\t<meta name=\"twitter:data1\" content=\"mespi_wz3o8t8p\" \/>\n\t<meta name=\"twitter:label2\" content=\"Gesch\u00e4tzte Lesezeit\" \/>\n\t<meta name=\"twitter:data2\" content=\"1\u00a0Minute\" \/>\n<script type=\"application\/ld+json\" class=\"yoast-schema-graph\">{\"@context\":\"https:\\\/\\\/schema.org\",\"@graph\":[{\"@type\":\"Article\",\"@id\":\"https:\\\/\\\/urvistahermosainternational.com\\\/de\\\/2016\\\/04\\\/28\\\/die-abteilung-von-genetik-vistahermosa-identifiziert-eine-neue-mutation-die-mit-hydrocephalus-assoziiert-ist\\\/#article\",\"isPartOf\":{\"@id\":\"https:\\\/\\\/urvistahermosainternational.com\\\/de\\\/2016\\\/04\\\/28\\\/die-abteilung-von-genetik-vistahermosa-identifiziert-eine-neue-mutation-die-mit-hydrocephalus-assoziiert-ist\\\/\"},\"author\":{\"name\":\"mespi_wz3o8t8p\",\"@id\":\"https:\\\/\\\/urvistahermosainternational.com\\\/de\\\/#\\\/schema\\\/person\\\/ccf8d0f6ec028fe57c5e91856fef6459\"},\"headline\":\"Die Abteilung von Genetik Vistahermosa identifiziert eine neue Mutation, die mit Hydrocephalus assoziiert ist.\",\"datePublished\":\"2016-04-28T18:06:15+00:00\",\"mainEntityOfPage\":{\"@id\":\"https:\\\/\\\/urvistahermosainternational.com\\\/de\\\/2016\\\/04\\\/28\\\/die-abteilung-von-genetik-vistahermosa-identifiziert-eine-neue-mutation-die-mit-hydrocephalus-assoziiert-ist\\\/\"},\"wordCount\":175,\"commentCount\":0,\"image\":{\"@id\":\"https:\\\/\\\/urvistahermosainternational.com\\\/de\\\/2016\\\/04\\\/28\\\/die-abteilung-von-genetik-vistahermosa-identifiziert-eine-neue-mutation-die-mit-hydrocephalus-assoziiert-ist\\\/#primaryimage\"},\"thumbnailUrl\":\"\",\"articleSection\":[\"Presse\"],\"inLanguage\":\"de\",\"potentialAction\":[{\"@type\":\"CommentAction\",\"name\":\"Comment\",\"target\":[\"https:\\\/\\\/urvistahermosainternational.com\\\/de\\\/2016\\\/04\\\/28\\\/die-abteilung-von-genetik-vistahermosa-identifiziert-eine-neue-mutation-die-mit-hydrocephalus-assoziiert-ist\\\/#respond\"]}]},{\"@type\":\"WebPage\",\"@id\":\"https:\\\/\\\/urvistahermosainternational.com\\\/de\\\/2016\\\/04\\\/28\\\/die-abteilung-von-genetik-vistahermosa-identifiziert-eine-neue-mutation-die-mit-hydrocephalus-assoziiert-ist\\\/\",\"url\":\"https:\\\/\\\/urvistahermosainternational.com\\\/de\\\/2016\\\/04\\\/28\\\/die-abteilung-von-genetik-vistahermosa-identifiziert-eine-neue-mutation-die-mit-hydrocephalus-assoziiert-ist\\\/\",\"name\":\"Die Abteilung von Genetik Vistahermosa identifiziert eine neue Mutation, die mit Hydrocephalus assoziiert ist. - UR International DE\",\"isPartOf\":{\"@id\":\"https:\\\/\\\/urvistahermosainternational.com\\\/de\\\/#website\"},\"primaryImageOfPage\":{\"@id\":\"https:\\\/\\\/urvistahermosainternational.com\\\/de\\\/2016\\\/04\\\/28\\\/die-abteilung-von-genetik-vistahermosa-identifiziert-eine-neue-mutation-die-mit-hydrocephalus-assoziiert-ist\\\/#primaryimage\"},\"image\":{\"@id\":\"https:\\\/\\\/urvistahermosainternational.com\\\/de\\\/2016\\\/04\\\/28\\\/die-abteilung-von-genetik-vistahermosa-identifiziert-eine-neue-mutation-die-mit-hydrocephalus-assoziiert-ist\\\/#primaryimage\"},\"thumbnailUrl\":\"\",\"datePublished\":\"2016-04-28T18:06:15+00:00\",\"author\":{\"@id\":\"https:\\\/\\\/urvistahermosainternational.com\\\/de\\\/#\\\/schema\\\/person\\\/ccf8d0f6ec028fe57c5e91856fef6459\"},\"breadcrumb\":{\"@id\":\"https:\\\/\\\/urvistahermosainternational.com\\\/de\\\/2016\\\/04\\\/28\\\/die-abteilung-von-genetik-vistahermosa-identifiziert-eine-neue-mutation-die-mit-hydrocephalus-assoziiert-ist\\\/#breadcrumb\"},\"inLanguage\":\"de\",\"potentialAction\":[{\"@type\":\"ReadAction\",\"target\":[\"https:\\\/\\\/urvistahermosainternational.com\\\/de\\\/2016\\\/04\\\/28\\\/die-abteilung-von-genetik-vistahermosa-identifiziert-eine-neue-mutation-die-mit-hydrocephalus-assoziiert-ist\\\/\"]}]},{\"@type\":\"ImageObject\",\"inLanguage\":\"de\",\"@id\":\"https:\\\/\\\/urvistahermosainternational.com\\\/de\\\/2016\\\/04\\\/28\\\/die-abteilung-von-genetik-vistahermosa-identifiziert-eine-neue-mutation-die-mit-hydrocephalus-assoziiert-ist\\\/#primaryimage\",\"url\":\"\",\"contentUrl\":\"\"},{\"@type\":\"BreadcrumbList\",\"@id\":\"https:\\\/\\\/urvistahermosainternational.com\\\/de\\\/2016\\\/04\\\/28\\\/die-abteilung-von-genetik-vistahermosa-identifiziert-eine-neue-mutation-die-mit-hydrocephalus-assoziiert-ist\\\/#breadcrumb\",\"itemListElement\":[{\"@type\":\"ListItem\",\"position\":1,\"name\":\"Home\",\"item\":\"https:\\\/\\\/urvistahermosainternational.com\\\/de\\\/\"},{\"@type\":\"ListItem\",\"position\":2,\"name\":\"Die Abteilung von Genetik Vistahermosa identifiziert eine neue Mutation, die mit Hydrocephalus assoziiert ist.\"}]},{\"@type\":\"WebSite\",\"@id\":\"https:\\\/\\\/urvistahermosainternational.com\\\/de\\\/#website\",\"url\":\"https:\\\/\\\/urvistahermosainternational.com\\\/de\\\/\",\"name\":\"UR International DE\",\"description\":\"Otro sitio m\u00e1s de UR sitios\",\"potentialAction\":[{\"@type\":\"SearchAction\",\"target\":{\"@type\":\"EntryPoint\",\"urlTemplate\":\"https:\\\/\\\/urvistahermosainternational.com\\\/de\\\/?s={search_term_string}\"},\"query-input\":{\"@type\":\"PropertyValueSpecification\",\"valueRequired\":true,\"valueName\":\"search_term_string\"}}],\"inLanguage\":\"de\"},{\"@type\":\"Person\",\"@id\":\"https:\\\/\\\/urvistahermosainternational.com\\\/de\\\/#\\\/schema\\\/person\\\/ccf8d0f6ec028fe57c5e91856fef6459\",\"name\":\"mespi_wz3o8t8p\",\"image\":{\"@type\":\"ImageObject\",\"inLanguage\":\"de\",\"@id\":\"https:\\\/\\\/secure.gravatar.com\\\/avatar\\\/4e3586102b4dfd66d137e2d59c8049bfe057dc7f6809117962f9d0f14eaace33?s=96&d=mm&r=g\",\"url\":\"https:\\\/\\\/secure.gravatar.com\\\/avatar\\\/4e3586102b4dfd66d137e2d59c8049bfe057dc7f6809117962f9d0f14eaace33?s=96&d=mm&r=g\",\"contentUrl\":\"https:\\\/\\\/secure.gravatar.com\\\/avatar\\\/4e3586102b4dfd66d137e2d59c8049bfe057dc7f6809117962f9d0f14eaace33?s=96&d=mm&r=g\",\"caption\":\"mespi_wz3o8t8p\"},\"url\":\"https:\\\/\\\/urvistahermosainternational.com\\\/de\\\/author\\\/mespi_wz3o8t8p\\\/\"}]}<\/script>\n<!-- \/ Yoast SEO plugin. -->","yoast_head_json":{"title":"Die Abteilung von Genetik Vistahermosa identifiziert eine neue Mutation, die mit Hydrocephalus assoziiert ist. - UR International DE","robots":{"index":"index","follow":"follow","max-snippet":"max-snippet:-1","max-image-preview":"max-image-preview:large","max-video-preview":"max-video-preview:-1"},"canonical":"https:\/\/urvistahermosainternational.com\/de\/2016\/04\/28\/die-abteilung-von-genetik-vistahermosa-identifiziert-eine-neue-mutation-die-mit-hydrocephalus-assoziiert-ist\/","og_locale":"de_DE","og_type":"article","og_title":"Die Abteilung von Genetik Vistahermosa identifiziert eine neue Mutation, die mit Hydrocephalus assoziiert ist. - UR International DE","og_description":"Die Arbeit dieser Abteilung zusammen mit der UR-Gruppe kann diese Pathologie verhindern, die Hirnschaden in 1 von jedem 1.200 Schwangerschaften sch\u00e4digt. Die \u00c4rzte der Abteilung von Genetik Vistahermosa, zugeteilt in der UR-Gruppe, Isabel Ochando, Antonio Urbano und Joaqu\u00edn Rueda haben eine Mutation im Gen L1 CAM identifiziert, die eine wichtige Rolle bei der Entstehung des [&hellip;]","og_url":"https:\/\/urvistahermosainternational.com\/de\/2016\/04\/28\/die-abteilung-von-genetik-vistahermosa-identifiziert-eine-neue-mutation-die-mit-hydrocephalus-assoziiert-ist\/","og_site_name":"UR International DE","article_published_time":"2016-04-28T18:06:15+00:00","og_image":[{"url":"http:\/\/urvistahermosa.com\/de\/files\/2016\/06\/UNIDAD-DE-REPRODUCCIO\u00cc-implantation-failures-310x207.jpg","type":"","width":"","height":""}],"author":"mespi_wz3o8t8p","twitter_card":"summary_large_image","twitter_misc":{"Verfasst von":"mespi_wz3o8t8p","Gesch\u00e4tzte Lesezeit":"1\u00a0Minute"},"schema":{"@context":"https:\/\/schema.org","@graph":[{"@type":"Article","@id":"https:\/\/urvistahermosainternational.com\/de\/2016\/04\/28\/die-abteilung-von-genetik-vistahermosa-identifiziert-eine-neue-mutation-die-mit-hydrocephalus-assoziiert-ist\/#article","isPartOf":{"@id":"https:\/\/urvistahermosainternational.com\/de\/2016\/04\/28\/die-abteilung-von-genetik-vistahermosa-identifiziert-eine-neue-mutation-die-mit-hydrocephalus-assoziiert-ist\/"},"author":{"name":"mespi_wz3o8t8p","@id":"https:\/\/urvistahermosainternational.com\/de\/#\/schema\/person\/ccf8d0f6ec028fe57c5e91856fef6459"},"headline":"Die Abteilung von Genetik Vistahermosa identifiziert eine neue Mutation, die mit Hydrocephalus assoziiert ist.","datePublished":"2016-04-28T18:06:15+00:00","mainEntityOfPage":{"@id":"https:\/\/urvistahermosainternational.com\/de\/2016\/04\/28\/die-abteilung-von-genetik-vistahermosa-identifiziert-eine-neue-mutation-die-mit-hydrocephalus-assoziiert-ist\/"},"wordCount":175,"commentCount":0,"image":{"@id":"https:\/\/urvistahermosainternational.com\/de\/2016\/04\/28\/die-abteilung-von-genetik-vistahermosa-identifiziert-eine-neue-mutation-die-mit-hydrocephalus-assoziiert-ist\/#primaryimage"},"thumbnailUrl":"","articleSection":["Presse"],"inLanguage":"de","potentialAction":[{"@type":"CommentAction","name":"Comment","target":["https:\/\/urvistahermosainternational.com\/de\/2016\/04\/28\/die-abteilung-von-genetik-vistahermosa-identifiziert-eine-neue-mutation-die-mit-hydrocephalus-assoziiert-ist\/#respond"]}]},{"@type":"WebPage","@id":"https:\/\/urvistahermosainternational.com\/de\/2016\/04\/28\/die-abteilung-von-genetik-vistahermosa-identifiziert-eine-neue-mutation-die-mit-hydrocephalus-assoziiert-ist\/","url":"https:\/\/urvistahermosainternational.com\/de\/2016\/04\/28\/die-abteilung-von-genetik-vistahermosa-identifiziert-eine-neue-mutation-die-mit-hydrocephalus-assoziiert-ist\/","name":"Die Abteilung von Genetik Vistahermosa identifiziert eine neue Mutation, die mit Hydrocephalus assoziiert ist. - UR International DE","isPartOf":{"@id":"https:\/\/urvistahermosainternational.com\/de\/#website"},"primaryImageOfPage":{"@id":"https:\/\/urvistahermosainternational.com\/de\/2016\/04\/28\/die-abteilung-von-genetik-vistahermosa-identifiziert-eine-neue-mutation-die-mit-hydrocephalus-assoziiert-ist\/#primaryimage"},"image":{"@id":"https:\/\/urvistahermosainternational.com\/de\/2016\/04\/28\/die-abteilung-von-genetik-vistahermosa-identifiziert-eine-neue-mutation-die-mit-hydrocephalus-assoziiert-ist\/#primaryimage"},"thumbnailUrl":"","datePublished":"2016-04-28T18:06:15+00:00","author":{"@id":"https:\/\/urvistahermosainternational.com\/de\/#\/schema\/person\/ccf8d0f6ec028fe57c5e91856fef6459"},"breadcrumb":{"@id":"https:\/\/urvistahermosainternational.com\/de\/2016\/04\/28\/die-abteilung-von-genetik-vistahermosa-identifiziert-eine-neue-mutation-die-mit-hydrocephalus-assoziiert-ist\/#breadcrumb"},"inLanguage":"de","potentialAction":[{"@type":"ReadAction","target":["https:\/\/urvistahermosainternational.com\/de\/2016\/04\/28\/die-abteilung-von-genetik-vistahermosa-identifiziert-eine-neue-mutation-die-mit-hydrocephalus-assoziiert-ist\/"]}]},{"@type":"ImageObject","inLanguage":"de","@id":"https:\/\/urvistahermosainternational.com\/de\/2016\/04\/28\/die-abteilung-von-genetik-vistahermosa-identifiziert-eine-neue-mutation-die-mit-hydrocephalus-assoziiert-ist\/#primaryimage","url":"","contentUrl":""},{"@type":"BreadcrumbList","@id":"https:\/\/urvistahermosainternational.com\/de\/2016\/04\/28\/die-abteilung-von-genetik-vistahermosa-identifiziert-eine-neue-mutation-die-mit-hydrocephalus-assoziiert-ist\/#breadcrumb","itemListElement":[{"@type":"ListItem","position":1,"name":"Home","item":"https:\/\/urvistahermosainternational.com\/de\/"},{"@type":"ListItem","position":2,"name":"Die Abteilung von Genetik Vistahermosa identifiziert eine neue Mutation, die mit Hydrocephalus assoziiert ist."}]},{"@type":"WebSite","@id":"https:\/\/urvistahermosainternational.com\/de\/#website","url":"https:\/\/urvistahermosainternational.com\/de\/","name":"UR International DE","description":"Otro sitio m\u00e1s de UR sitios","potentialAction":[{"@type":"SearchAction","target":{"@type":"EntryPoint","urlTemplate":"https:\/\/urvistahermosainternational.com\/de\/?s={search_term_string}"},"query-input":{"@type":"PropertyValueSpecification","valueRequired":true,"valueName":"search_term_string"}}],"inLanguage":"de"},{"@type":"Person","@id":"https:\/\/urvistahermosainternational.com\/de\/#\/schema\/person\/ccf8d0f6ec028fe57c5e91856fef6459","name":"mespi_wz3o8t8p","image":{"@type":"ImageObject","inLanguage":"de","@id":"https:\/\/secure.gravatar.com\/avatar\/4e3586102b4dfd66d137e2d59c8049bfe057dc7f6809117962f9d0f14eaace33?s=96&d=mm&r=g","url":"https:\/\/secure.gravatar.com\/avatar\/4e3586102b4dfd66d137e2d59c8049bfe057dc7f6809117962f9d0f14eaace33?s=96&d=mm&r=g","contentUrl":"https:\/\/secure.gravatar.com\/avatar\/4e3586102b4dfd66d137e2d59c8049bfe057dc7f6809117962f9d0f14eaace33?s=96&d=mm&r=g","caption":"mespi_wz3o8t8p"},"url":"https:\/\/urvistahermosainternational.com\/de\/author\/mespi_wz3o8t8p\/"}]}},"_links":{"self":[{"href":"https:\/\/urvistahermosainternational.com\/de\/wp-json\/wp\/v2\/posts\/2143","targetHints":{"allow":["GET"]}}],"collection":[{"href":"https:\/\/urvistahermosainternational.com\/de\/wp-json\/wp\/v2\/posts"}],"about":[{"href":"https:\/\/urvistahermosainternational.com\/de\/wp-json\/wp\/v2\/types\/post"}],"author":[{"embeddable":true,"href":"https:\/\/urvistahermosainternational.com\/de\/wp-json\/wp\/v2\/users\/1"}],"replies":[{"embeddable":true,"href":"https:\/\/urvistahermosainternational.com\/de\/wp-json\/wp\/v2\/comments?post=2143"}],"version-history":[{"count":0,"href":"https:\/\/urvistahermosainternational.com\/de\/wp-json\/wp\/v2\/posts\/2143\/revisions"}],"wp:featuredmedia":[{"embeddable":true,"href":"https:\/\/urvistahermosainternational.com\/de\/wp-json\/"}],"wp:attachment":[{"href":"https:\/\/urvistahermosainternational.com\/de\/wp-json\/wp\/v2\/media?parent=2143"}],"wp:term":[{"taxonomy":"category","embeddable":true,"href":"https:\/\/urvistahermosainternational.com\/de\/wp-json\/wp\/v2\/categories?post=2143"},{"taxonomy":"post_tag","embeddable":true,"href":"https:\/\/urvistahermosainternational.com\/de\/wp-json\/wp\/v2\/tags?post=2143"}],"curies":[{"name":"wp","href":"https:\/\/api.w.org\/{rel}","templated":true}]}}