{"id":1934,"date":"2014-03-10T15:25:29","date_gmt":"2014-03-10T15:25:29","guid":{"rendered":"http:\/\/urvistahermosa.com\/de\/?p=1934"},"modified":"2014-03-10T15:25:29","modified_gmt":"2014-03-10T15:25:29","slug":"clinica-vistahermosa-wichtiger-preis-der-zeitung-diario-informacion-wegen-ihres-50-jahrestags","status":"publish","type":"post","link":"https:\/\/urvistahermosainternational.com\/de\/2014\/03\/10\/clinica-vistahermosa-wichtiger-preis-der-zeitung-diario-informacion-wegen-ihres-50-jahrestags\/","title":{"rendered":"Cl\u00ednica Vistahermosa, wichtiger Preis der Zeitung Diario Informaci\u00f3n wegen ihres 50. Jahrestags"},"content":{"rendered":"<p>Die Zeitung aus Alicante anerkennt den Werdegang und die Prestige von Cl\u00ednica Vistahermosa wie ein gutes Krankenhaus, wo die Reproduktionseinheit Vistahermosa steht.<br \/>\n<a href=\"http:\/\/urvistahermosa.com\/de\/files\/2014\/04\/Importantes_Informacion_Clinica_Vistahermosa.jpg\"><img loading=\"lazy\" decoding=\"async\" class=\"alignleft size-medium wp-image-1935\" alt=\"Importantes_Informacion_Clinica_Vistahermosa\" src=\"http:\/\/urvistahermosa.com\/de\/files\/2014\/04\/Importantes_Informacion_Clinica_Vistahermosa-295x233.jpg\" width=\"295\" height=\"233\" \/><\/a>\u201eF\u00fcr ein Unternehmen oder Einrichtung ist ein gr\u00f6\u03b2 Stolz 50 Jahren zu werden\u201c, erkl\u00e4rt die \u00c4rztliche Direktorin der <a href=\"www.clinicavistahermosa.es\" target=\"_blank\" rel=\"noopener\">Cl\u00ednica Vistahermosa<\/a>, Concha Giner. \u201eVier sind die Grundlagen, an den wir angewachsen sind: technologische Innovation, Forschung, Team und die wichstigste, \u00e4rztliche Betreuung f\u00fcr Patienten\u201c, best\u00e4tigt die Direktorin.<br \/>\nDie Reproduktionseinheit Vistahermosa ist eine der wichtigsten Einheiten dieses Krankenhauses, die mehr als 30 Fachgebieten hat. Sie haben eine bemerkenswerte Prestige in ihren 30 Jahren von Leben. Der Direktor Dr. Jos\u00e9 L\u00f3pez G\u00e1lvez sagt, dass \u201eer begreift nicht Reproduktionseinheiten, die au\u03b2er einem Krankenhaus sind, weil es n\u00f6tig f\u00fcr die \u00dcberwachung der Behandlungen ist. Die Dienste und die Teams sind von dem Krankenhaus geb\u00fcrgt und das garantiert auch die Sicherheit in den Prozesse\u201c.<br \/>\nDie Zeitung Diario Informaci\u00f3n verlieh den wichtigen Preis der Zeitung von Alicante im November zu Cl\u00ednica Vistahermosa. Die Zeitung anerkennt die Arbeit, dass diese Einrichtung bietet. Es ist einen Dienst f\u00fcr Leute, die in Alicante wohnen oder auch f\u00fcr internationale Patienten. Der Preis wurde der letzte 27. Februar in ADDA in der Gala eingeh\u00e4ndigt.<br \/>\nCl\u00ednica Vistahermosa wurde von vier Gyn\u00e4kologe im Jahr 1963 wie eine Geburtseinrichtung errichtet und eine Gruppe von Entrepeneure von <a href=\"www.asisa.es\" target=\"_blank\" rel=\"noopener\">Asisa<\/a> verwandelte die Klinik im Jahr 1989 in eine Geburtseinrichtung nach 14 Jahre von Bau f\u00fcr die Neuaufbau. Das Wachstum von Patienten f\u00fchrte zu anderem Geb\u00e4ude zu kaufen.    \t<\/p>\n","protected":false},"excerpt":{"rendered":"<p>Die Zeitung aus Alicante anerkennt den Werdegang und die Prestige von Cl\u00ednica Vistahermosa wie ein gutes Krankenhaus, wo die Reproduktionseinheit Vistahermosa steht. \u201eF\u00fcr ein Unternehmen oder Einrichtung ist ein gr\u00f6\u03b2 Stolz 50 Jahren zu werden\u201c, erkl\u00e4rt die \u00c4rztliche Direktorin der Cl\u00ednica Vistahermosa, Concha Giner. \u201eVier sind die Grundlagen, an den wir angewachsen sind: technologische Innovation, [&hellip;]<\/p>\n","protected":false},"author":1,"featured_media":1936,"comment_status":"open","ping_status":"open","sticky":false,"template":"","format":"standard","meta":{"_acf_changed":false,"footnotes":""},"categories":[9],"tags":[],"class_list":["post-1934","post","type-post","status-publish","format-standard","has-post-thumbnail","hentry","category-presse"],"acf":[],"yoast_head":"<!-- This site is optimized with the Yoast SEO plugin v27.5 - https:\/\/yoast.com\/product\/yoast-seo-wordpress\/ -->\n<title>Cl\u00ednica Vistahermosa, wichtiger Preis der Zeitung Diario Informaci\u00f3n wegen ihres 50. Jahrestags - UR International DE<\/title>\n<meta name=\"robots\" content=\"index, follow, max-snippet:-1, max-image-preview:large, max-video-preview:-1\" \/>\n<link rel=\"canonical\" href=\"https:\/\/urvistahermosainternational.com\/de\/2014\/03\/10\/clinica-vistahermosa-wichtiger-preis-der-zeitung-diario-informacion-wegen-ihres-50-jahrestags\/\" \/>\n<meta property=\"og:locale\" content=\"de_DE\" \/>\n<meta property=\"og:type\" content=\"article\" \/>\n<meta property=\"og:title\" content=\"Cl\u00ednica Vistahermosa, wichtiger Preis der Zeitung Diario Informaci\u00f3n wegen ihres 50. Jahrestags - UR International DE\" \/>\n<meta property=\"og:description\" content=\"Die Zeitung aus Alicante anerkennt den Werdegang und die Prestige von Cl\u00ednica Vistahermosa wie ein gutes Krankenhaus, wo die Reproduktionseinheit Vistahermosa steht. \u201eF\u00fcr ein Unternehmen oder Einrichtung ist ein gr\u00f6\u03b2 Stolz 50 Jahren zu werden\u201c, erkl\u00e4rt die \u00c4rztliche Direktorin der Cl\u00ednica Vistahermosa, Concha Giner. \u201eVier sind die Grundlagen, an den wir angewachsen sind: technologische Innovation, [&hellip;]\" \/>\n<meta property=\"og:url\" content=\"https:\/\/urvistahermosainternational.com\/de\/2014\/03\/10\/clinica-vistahermosa-wichtiger-preis-der-zeitung-diario-informacion-wegen-ihres-50-jahrestags\/\" \/>\n<meta property=\"og:site_name\" content=\"UR International DE\" \/>\n<meta property=\"article:published_time\" content=\"2014-03-10T15:25:29+00:00\" \/>\n<meta property=\"og:image\" content=\"http:\/\/urvistahermosa.com\/de\/files\/2014\/04\/Importantes_Informacion_Clinica_Vistahermosa-295x233.jpg\" \/>\n<meta name=\"author\" content=\"mespi_wz3o8t8p\" \/>\n<meta name=\"twitter:card\" content=\"summary_large_image\" \/>\n<meta name=\"twitter:label1\" content=\"Verfasst von\" \/>\n\t<meta name=\"twitter:data1\" content=\"mespi_wz3o8t8p\" \/>\n\t<meta name=\"twitter:label2\" content=\"Gesch\u00e4tzte Lesezeit\" \/>\n\t<meta name=\"twitter:data2\" content=\"1\u00a0Minute\" \/>\n<script type=\"application\/ld+json\" class=\"yoast-schema-graph\">{\"@context\":\"https:\\\/\\\/schema.org\",\"@graph\":[{\"@type\":\"Article\",\"@id\":\"https:\\\/\\\/urvistahermosainternational.com\\\/de\\\/2014\\\/03\\\/10\\\/clinica-vistahermosa-wichtiger-preis-der-zeitung-diario-informacion-wegen-ihres-50-jahrestags\\\/#article\",\"isPartOf\":{\"@id\":\"https:\\\/\\\/urvistahermosainternational.com\\\/de\\\/2014\\\/03\\\/10\\\/clinica-vistahermosa-wichtiger-preis-der-zeitung-diario-informacion-wegen-ihres-50-jahrestags\\\/\"},\"author\":{\"name\":\"mespi_wz3o8t8p\",\"@id\":\"https:\\\/\\\/urvistahermosainternational.com\\\/de\\\/#\\\/schema\\\/person\\\/ccf8d0f6ec028fe57c5e91856fef6459\"},\"headline\":\"Cl\u00ednica Vistahermosa, wichtiger Preis der Zeitung Diario Informaci\u00f3n wegen ihres 50. Jahrestags\",\"datePublished\":\"2014-03-10T15:25:29+00:00\",\"mainEntityOfPage\":{\"@id\":\"https:\\\/\\\/urvistahermosainternational.com\\\/de\\\/2014\\\/03\\\/10\\\/clinica-vistahermosa-wichtiger-preis-der-zeitung-diario-informacion-wegen-ihres-50-jahrestags\\\/\"},\"wordCount\":268,\"commentCount\":0,\"image\":{\"@id\":\"https:\\\/\\\/urvistahermosainternational.com\\\/de\\\/2014\\\/03\\\/10\\\/clinica-vistahermosa-wichtiger-preis-der-zeitung-diario-informacion-wegen-ihres-50-jahrestags\\\/#primaryimage\"},\"thumbnailUrl\":\"\",\"articleSection\":[\"Presse\"],\"inLanguage\":\"de\",\"potentialAction\":[{\"@type\":\"CommentAction\",\"name\":\"Comment\",\"target\":[\"https:\\\/\\\/urvistahermosainternational.com\\\/de\\\/2014\\\/03\\\/10\\\/clinica-vistahermosa-wichtiger-preis-der-zeitung-diario-informacion-wegen-ihres-50-jahrestags\\\/#respond\"]}]},{\"@type\":\"WebPage\",\"@id\":\"https:\\\/\\\/urvistahermosainternational.com\\\/de\\\/2014\\\/03\\\/10\\\/clinica-vistahermosa-wichtiger-preis-der-zeitung-diario-informacion-wegen-ihres-50-jahrestags\\\/\",\"url\":\"https:\\\/\\\/urvistahermosainternational.com\\\/de\\\/2014\\\/03\\\/10\\\/clinica-vistahermosa-wichtiger-preis-der-zeitung-diario-informacion-wegen-ihres-50-jahrestags\\\/\",\"name\":\"Cl\u00ednica Vistahermosa, wichtiger Preis der Zeitung Diario Informaci\u00f3n wegen ihres 50. Jahrestags - UR International DE\",\"isPartOf\":{\"@id\":\"https:\\\/\\\/urvistahermosainternational.com\\\/de\\\/#website\"},\"primaryImageOfPage\":{\"@id\":\"https:\\\/\\\/urvistahermosainternational.com\\\/de\\\/2014\\\/03\\\/10\\\/clinica-vistahermosa-wichtiger-preis-der-zeitung-diario-informacion-wegen-ihres-50-jahrestags\\\/#primaryimage\"},\"image\":{\"@id\":\"https:\\\/\\\/urvistahermosainternational.com\\\/de\\\/2014\\\/03\\\/10\\\/clinica-vistahermosa-wichtiger-preis-der-zeitung-diario-informacion-wegen-ihres-50-jahrestags\\\/#primaryimage\"},\"thumbnailUrl\":\"\",\"datePublished\":\"2014-03-10T15:25:29+00:00\",\"author\":{\"@id\":\"https:\\\/\\\/urvistahermosainternational.com\\\/de\\\/#\\\/schema\\\/person\\\/ccf8d0f6ec028fe57c5e91856fef6459\"},\"breadcrumb\":{\"@id\":\"https:\\\/\\\/urvistahermosainternational.com\\\/de\\\/2014\\\/03\\\/10\\\/clinica-vistahermosa-wichtiger-preis-der-zeitung-diario-informacion-wegen-ihres-50-jahrestags\\\/#breadcrumb\"},\"inLanguage\":\"de\",\"potentialAction\":[{\"@type\":\"ReadAction\",\"target\":[\"https:\\\/\\\/urvistahermosainternational.com\\\/de\\\/2014\\\/03\\\/10\\\/clinica-vistahermosa-wichtiger-preis-der-zeitung-diario-informacion-wegen-ihres-50-jahrestags\\\/\"]}]},{\"@type\":\"ImageObject\",\"inLanguage\":\"de\",\"@id\":\"https:\\\/\\\/urvistahermosainternational.com\\\/de\\\/2014\\\/03\\\/10\\\/clinica-vistahermosa-wichtiger-preis-der-zeitung-diario-informacion-wegen-ihres-50-jahrestags\\\/#primaryimage\",\"url\":\"\",\"contentUrl\":\"\"},{\"@type\":\"BreadcrumbList\",\"@id\":\"https:\\\/\\\/urvistahermosainternational.com\\\/de\\\/2014\\\/03\\\/10\\\/clinica-vistahermosa-wichtiger-preis-der-zeitung-diario-informacion-wegen-ihres-50-jahrestags\\\/#breadcrumb\",\"itemListElement\":[{\"@type\":\"ListItem\",\"position\":1,\"name\":\"Home\",\"item\":\"https:\\\/\\\/urvistahermosainternational.com\\\/de\\\/\"},{\"@type\":\"ListItem\",\"position\":2,\"name\":\"Cl\u00ednica Vistahermosa, wichtiger Preis der Zeitung Diario Informaci\u00f3n wegen ihres 50. Jahrestags\"}]},{\"@type\":\"WebSite\",\"@id\":\"https:\\\/\\\/urvistahermosainternational.com\\\/de\\\/#website\",\"url\":\"https:\\\/\\\/urvistahermosainternational.com\\\/de\\\/\",\"name\":\"UR International DE\",\"description\":\"Otro sitio m\u00e1s de UR sitios\",\"potentialAction\":[{\"@type\":\"SearchAction\",\"target\":{\"@type\":\"EntryPoint\",\"urlTemplate\":\"https:\\\/\\\/urvistahermosainternational.com\\\/de\\\/?s={search_term_string}\"},\"query-input\":{\"@type\":\"PropertyValueSpecification\",\"valueRequired\":true,\"valueName\":\"search_term_string\"}}],\"inLanguage\":\"de\"},{\"@type\":\"Person\",\"@id\":\"https:\\\/\\\/urvistahermosainternational.com\\\/de\\\/#\\\/schema\\\/person\\\/ccf8d0f6ec028fe57c5e91856fef6459\",\"name\":\"mespi_wz3o8t8p\",\"image\":{\"@type\":\"ImageObject\",\"inLanguage\":\"de\",\"@id\":\"https:\\\/\\\/secure.gravatar.com\\\/avatar\\\/4e3586102b4dfd66d137e2d59c8049bfe057dc7f6809117962f9d0f14eaace33?s=96&d=mm&r=g\",\"url\":\"https:\\\/\\\/secure.gravatar.com\\\/avatar\\\/4e3586102b4dfd66d137e2d59c8049bfe057dc7f6809117962f9d0f14eaace33?s=96&d=mm&r=g\",\"contentUrl\":\"https:\\\/\\\/secure.gravatar.com\\\/avatar\\\/4e3586102b4dfd66d137e2d59c8049bfe057dc7f6809117962f9d0f14eaace33?s=96&d=mm&r=g\",\"caption\":\"mespi_wz3o8t8p\"},\"url\":\"https:\\\/\\\/urvistahermosainternational.com\\\/de\\\/author\\\/mespi_wz3o8t8p\\\/\"}]}<\/script>\n<!-- \/ Yoast SEO plugin. -->","yoast_head_json":{"title":"Cl\u00ednica Vistahermosa, wichtiger Preis der Zeitung Diario Informaci\u00f3n wegen ihres 50. Jahrestags - UR International DE","robots":{"index":"index","follow":"follow","max-snippet":"max-snippet:-1","max-image-preview":"max-image-preview:large","max-video-preview":"max-video-preview:-1"},"canonical":"https:\/\/urvistahermosainternational.com\/de\/2014\/03\/10\/clinica-vistahermosa-wichtiger-preis-der-zeitung-diario-informacion-wegen-ihres-50-jahrestags\/","og_locale":"de_DE","og_type":"article","og_title":"Cl\u00ednica Vistahermosa, wichtiger Preis der Zeitung Diario Informaci\u00f3n wegen ihres 50. Jahrestags - UR International DE","og_description":"Die Zeitung aus Alicante anerkennt den Werdegang und die Prestige von Cl\u00ednica Vistahermosa wie ein gutes Krankenhaus, wo die Reproduktionseinheit Vistahermosa steht. \u201eF\u00fcr ein Unternehmen oder Einrichtung ist ein gr\u00f6\u03b2 Stolz 50 Jahren zu werden\u201c, erkl\u00e4rt die \u00c4rztliche Direktorin der Cl\u00ednica Vistahermosa, Concha Giner. \u201eVier sind die Grundlagen, an den wir angewachsen sind: technologische Innovation, [&hellip;]","og_url":"https:\/\/urvistahermosainternational.com\/de\/2014\/03\/10\/clinica-vistahermosa-wichtiger-preis-der-zeitung-diario-informacion-wegen-ihres-50-jahrestags\/","og_site_name":"UR International DE","article_published_time":"2014-03-10T15:25:29+00:00","og_image":[{"url":"http:\/\/urvistahermosa.com\/de\/files\/2014\/04\/Importantes_Informacion_Clinica_Vistahermosa-295x233.jpg","type":"","width":"","height":""}],"author":"mespi_wz3o8t8p","twitter_card":"summary_large_image","twitter_misc":{"Verfasst von":"mespi_wz3o8t8p","Gesch\u00e4tzte Lesezeit":"1\u00a0Minute"},"schema":{"@context":"https:\/\/schema.org","@graph":[{"@type":"Article","@id":"https:\/\/urvistahermosainternational.com\/de\/2014\/03\/10\/clinica-vistahermosa-wichtiger-preis-der-zeitung-diario-informacion-wegen-ihres-50-jahrestags\/#article","isPartOf":{"@id":"https:\/\/urvistahermosainternational.com\/de\/2014\/03\/10\/clinica-vistahermosa-wichtiger-preis-der-zeitung-diario-informacion-wegen-ihres-50-jahrestags\/"},"author":{"name":"mespi_wz3o8t8p","@id":"https:\/\/urvistahermosainternational.com\/de\/#\/schema\/person\/ccf8d0f6ec028fe57c5e91856fef6459"},"headline":"Cl\u00ednica Vistahermosa, wichtiger Preis der Zeitung Diario Informaci\u00f3n wegen ihres 50. Jahrestags","datePublished":"2014-03-10T15:25:29+00:00","mainEntityOfPage":{"@id":"https:\/\/urvistahermosainternational.com\/de\/2014\/03\/10\/clinica-vistahermosa-wichtiger-preis-der-zeitung-diario-informacion-wegen-ihres-50-jahrestags\/"},"wordCount":268,"commentCount":0,"image":{"@id":"https:\/\/urvistahermosainternational.com\/de\/2014\/03\/10\/clinica-vistahermosa-wichtiger-preis-der-zeitung-diario-informacion-wegen-ihres-50-jahrestags\/#primaryimage"},"thumbnailUrl":"","articleSection":["Presse"],"inLanguage":"de","potentialAction":[{"@type":"CommentAction","name":"Comment","target":["https:\/\/urvistahermosainternational.com\/de\/2014\/03\/10\/clinica-vistahermosa-wichtiger-preis-der-zeitung-diario-informacion-wegen-ihres-50-jahrestags\/#respond"]}]},{"@type":"WebPage","@id":"https:\/\/urvistahermosainternational.com\/de\/2014\/03\/10\/clinica-vistahermosa-wichtiger-preis-der-zeitung-diario-informacion-wegen-ihres-50-jahrestags\/","url":"https:\/\/urvistahermosainternational.com\/de\/2014\/03\/10\/clinica-vistahermosa-wichtiger-preis-der-zeitung-diario-informacion-wegen-ihres-50-jahrestags\/","name":"Cl\u00ednica Vistahermosa, wichtiger Preis der Zeitung Diario Informaci\u00f3n wegen ihres 50. Jahrestags - UR International DE","isPartOf":{"@id":"https:\/\/urvistahermosainternational.com\/de\/#website"},"primaryImageOfPage":{"@id":"https:\/\/urvistahermosainternational.com\/de\/2014\/03\/10\/clinica-vistahermosa-wichtiger-preis-der-zeitung-diario-informacion-wegen-ihres-50-jahrestags\/#primaryimage"},"image":{"@id":"https:\/\/urvistahermosainternational.com\/de\/2014\/03\/10\/clinica-vistahermosa-wichtiger-preis-der-zeitung-diario-informacion-wegen-ihres-50-jahrestags\/#primaryimage"},"thumbnailUrl":"","datePublished":"2014-03-10T15:25:29+00:00","author":{"@id":"https:\/\/urvistahermosainternational.com\/de\/#\/schema\/person\/ccf8d0f6ec028fe57c5e91856fef6459"},"breadcrumb":{"@id":"https:\/\/urvistahermosainternational.com\/de\/2014\/03\/10\/clinica-vistahermosa-wichtiger-preis-der-zeitung-diario-informacion-wegen-ihres-50-jahrestags\/#breadcrumb"},"inLanguage":"de","potentialAction":[{"@type":"ReadAction","target":["https:\/\/urvistahermosainternational.com\/de\/2014\/03\/10\/clinica-vistahermosa-wichtiger-preis-der-zeitung-diario-informacion-wegen-ihres-50-jahrestags\/"]}]},{"@type":"ImageObject","inLanguage":"de","@id":"https:\/\/urvistahermosainternational.com\/de\/2014\/03\/10\/clinica-vistahermosa-wichtiger-preis-der-zeitung-diario-informacion-wegen-ihres-50-jahrestags\/#primaryimage","url":"","contentUrl":""},{"@type":"BreadcrumbList","@id":"https:\/\/urvistahermosainternational.com\/de\/2014\/03\/10\/clinica-vistahermosa-wichtiger-preis-der-zeitung-diario-informacion-wegen-ihres-50-jahrestags\/#breadcrumb","itemListElement":[{"@type":"ListItem","position":1,"name":"Home","item":"https:\/\/urvistahermosainternational.com\/de\/"},{"@type":"ListItem","position":2,"name":"Cl\u00ednica Vistahermosa, wichtiger Preis der Zeitung Diario Informaci\u00f3n wegen ihres 50. Jahrestags"}]},{"@type":"WebSite","@id":"https:\/\/urvistahermosainternational.com\/de\/#website","url":"https:\/\/urvistahermosainternational.com\/de\/","name":"UR International DE","description":"Otro sitio m\u00e1s de UR sitios","potentialAction":[{"@type":"SearchAction","target":{"@type":"EntryPoint","urlTemplate":"https:\/\/urvistahermosainternational.com\/de\/?s={search_term_string}"},"query-input":{"@type":"PropertyValueSpecification","valueRequired":true,"valueName":"search_term_string"}}],"inLanguage":"de"},{"@type":"Person","@id":"https:\/\/urvistahermosainternational.com\/de\/#\/schema\/person\/ccf8d0f6ec028fe57c5e91856fef6459","name":"mespi_wz3o8t8p","image":{"@type":"ImageObject","inLanguage":"de","@id":"https:\/\/secure.gravatar.com\/avatar\/4e3586102b4dfd66d137e2d59c8049bfe057dc7f6809117962f9d0f14eaace33?s=96&d=mm&r=g","url":"https:\/\/secure.gravatar.com\/avatar\/4e3586102b4dfd66d137e2d59c8049bfe057dc7f6809117962f9d0f14eaace33?s=96&d=mm&r=g","contentUrl":"https:\/\/secure.gravatar.com\/avatar\/4e3586102b4dfd66d137e2d59c8049bfe057dc7f6809117962f9d0f14eaace33?s=96&d=mm&r=g","caption":"mespi_wz3o8t8p"},"url":"https:\/\/urvistahermosainternational.com\/de\/author\/mespi_wz3o8t8p\/"}]}},"_links":{"self":[{"href":"https:\/\/urvistahermosainternational.com\/de\/wp-json\/wp\/v2\/posts\/1934","targetHints":{"allow":["GET"]}}],"collection":[{"href":"https:\/\/urvistahermosainternational.com\/de\/wp-json\/wp\/v2\/posts"}],"about":[{"href":"https:\/\/urvistahermosainternational.com\/de\/wp-json\/wp\/v2\/types\/post"}],"author":[{"embeddable":true,"href":"https:\/\/urvistahermosainternational.com\/de\/wp-json\/wp\/v2\/users\/1"}],"replies":[{"embeddable":true,"href":"https:\/\/urvistahermosainternational.com\/de\/wp-json\/wp\/v2\/comments?post=1934"}],"version-history":[{"count":0,"href":"https:\/\/urvistahermosainternational.com\/de\/wp-json\/wp\/v2\/posts\/1934\/revisions"}],"wp:featuredmedia":[{"embeddable":true,"href":"https:\/\/urvistahermosainternational.com\/de\/wp-json\/"}],"wp:attachment":[{"href":"https:\/\/urvistahermosainternational.com\/de\/wp-json\/wp\/v2\/media?parent=1934"}],"wp:term":[{"taxonomy":"category","embeddable":true,"href":"https:\/\/urvistahermosainternational.com\/de\/wp-json\/wp\/v2\/categories?post=1934"},{"taxonomy":"post_tag","embeddable":true,"href":"https:\/\/urvistahermosainternational.com\/de\/wp-json\/wp\/v2\/tags?post=1934"}],"curies":[{"name":"wp","href":"https:\/\/api.w.org\/{rel}","templated":true}]}}