{"id":1888,"date":"2014-01-27T15:33:50","date_gmt":"2014-01-27T15:33:50","guid":{"rendered":"http:\/\/urvistahermosa.com\/de\/?p=1888"},"modified":"2014-01-27T15:33:50","modified_gmt":"2014-01-27T15:33:50","slug":"klinik-vistahermosa-feiert-ihren-50-jahrestag-in-dem-marq","status":"publish","type":"post","link":"https:\/\/urvistahermosainternational.com\/de\/2014\/01\/27\/klinik-vistahermosa-feiert-ihren-50-jahrestag-in-dem-marq\/","title":{"rendered":"Klinik Vistahermosa feiert ihren 50. Jahrestag in dem MARQ"},"content":{"rendered":"<p>Letzter Donnerstag 23. Januar feirte die Klinik Vistahermosa ihren 50. Jahrestag\u00a0<a href=\"http:\/\/urvistahermosa.com\/de\/files\/2014\/01\/IMG-20140124-WA0010.jpg\"><img loading=\"lazy\" decoding=\"async\" class=\"alignright size-medium wp-image-1890\" alt=\"IMG-20140124-WA0010\" src=\"http:\/\/urvistahermosa.com\/de\/files\/2014\/01\/IMG-20140124-WA0010-173x233.jpg\" width=\"173\" height=\"233\" \/><\/a> in dem <a title=\"MARQ\" href=\"http:\/\/www.marqalicante.com\/?lng=eng\" target=\"_blank\" rel=\"noopener\">Arch\u00e4ologischen Museum der Provinz Alicante<\/a>. In der Feier redete man \u00fcber die Klinik aus dem Inneren mit den Stimmen ihrer Hauptpersonen. Der Zeremonienmeister erz\u00e4hlte die Kliniksgeschichte \u00fcber die Erkl\u00e4rungen der Profis, besonders: der Pr\u00e4sident Dr. Francisco Ivorra, die \u00c4rztliche Leiterin Dra. Concha Giner und Verantwortlichern f\u00fcr Dienste und Einheiten, wie zum Beispiel, der Leiter der Reproduktionseinheit Vistahermosa, Jos\u00e9 Jes\u00fas L\u00f3pez G\u00e1lvez.<br \/>\nDie Feier beginnte und beendete mit den Vermittlungen der Deputationspr\u00e4sidentin, Frau Luisa Pastor, und der B\u00fcrgermeisterin von Alicante, Frau Sonia Castedo, die beide Nachdruck auf die Bedeutung der Klinik in Alicante legten.<br \/>\nDie Zeremonie war in den 60er Jahren angesiedelt und verschiedene Videos waren vorgef\u00fchrt, die Aspekte wie die Entwicklung <a title=\"hospital clinica vistahermosa\" href=\"http:\/\/www.clinicavistahermosa.es\/?lang=en-GB\" target=\"_blank\" rel=\"noopener\">der Klinik<\/a> in den 50er Jahren, die Geschichte des Krankenhauses mit bezeichnenden Taten ihrer Umgebung und eine Ehrung f\u00fcr alle Arbeitern zeigten.<br \/>\nvideo<\/p>\n","protected":false},"excerpt":{"rendered":"<p>Letzter Donnerstag 23. Januar feirte die Klinik Vistahermosa ihren 50. Jahrestag\u00a0 in dem Arch\u00e4ologischen Museum der Provinz Alicante. In der Feier redete man \u00fcber die Klinik aus dem Inneren mit den Stimmen ihrer Hauptpersonen. Der Zeremonienmeister erz\u00e4hlte die Kliniksgeschichte \u00fcber die Erkl\u00e4rungen der Profis, besonders: der Pr\u00e4sident Dr. Francisco Ivorra, die \u00c4rztliche Leiterin Dra. Concha [&hellip;]<\/p>\n","protected":false},"author":1,"featured_media":1889,"comment_status":"open","ping_status":"open","sticky":false,"template":"","format":"standard","meta":{"_acf_changed":false,"footnotes":""},"categories":[9],"tags":[],"class_list":["post-1888","post","type-post","status-publish","format-standard","has-post-thumbnail","hentry","category-presse"],"acf":[],"yoast_head":"<!-- This site is optimized with the Yoast SEO plugin v27.5 - https:\/\/yoast.com\/product\/yoast-seo-wordpress\/ -->\n<title>Klinik Vistahermosa feiert ihren 50. Jahrestag in dem MARQ - UR International DE<\/title>\n<meta name=\"robots\" content=\"index, follow, max-snippet:-1, max-image-preview:large, max-video-preview:-1\" \/>\n<link rel=\"canonical\" href=\"https:\/\/urvistahermosainternational.com\/de\/2014\/01\/27\/klinik-vistahermosa-feiert-ihren-50-jahrestag-in-dem-marq\/\" \/>\n<meta property=\"og:locale\" content=\"de_DE\" \/>\n<meta property=\"og:type\" content=\"article\" \/>\n<meta property=\"og:title\" content=\"Klinik Vistahermosa feiert ihren 50. Jahrestag in dem MARQ - UR International DE\" \/>\n<meta property=\"og:description\" content=\"Letzter Donnerstag 23. Januar feirte die Klinik Vistahermosa ihren 50. Jahrestag\u00a0 in dem Arch\u00e4ologischen Museum der Provinz Alicante. In der Feier redete man \u00fcber die Klinik aus dem Inneren mit den Stimmen ihrer Hauptpersonen. Der Zeremonienmeister erz\u00e4hlte die Kliniksgeschichte \u00fcber die Erkl\u00e4rungen der Profis, besonders: der Pr\u00e4sident Dr. Francisco Ivorra, die \u00c4rztliche Leiterin Dra. Concha [&hellip;]\" \/>\n<meta property=\"og:url\" content=\"https:\/\/urvistahermosainternational.com\/de\/2014\/01\/27\/klinik-vistahermosa-feiert-ihren-50-jahrestag-in-dem-marq\/\" \/>\n<meta property=\"og:site_name\" content=\"UR International DE\" \/>\n<meta property=\"article:published_time\" content=\"2014-01-27T15:33:50+00:00\" \/>\n<meta property=\"og:image\" content=\"http:\/\/urvistahermosa.com\/de\/files\/2014\/01\/IMG-20140124-WA0010-173x233.jpg\" \/>\n<meta name=\"author\" content=\"mespi_wz3o8t8p\" \/>\n<meta name=\"twitter:card\" content=\"summary_large_image\" \/>\n<meta name=\"twitter:label1\" content=\"Verfasst von\" \/>\n\t<meta name=\"twitter:data1\" content=\"mespi_wz3o8t8p\" \/>\n\t<meta name=\"twitter:label2\" content=\"Gesch\u00e4tzte Lesezeit\" \/>\n\t<meta name=\"twitter:data2\" content=\"1\u00a0Minute\" \/>\n<script type=\"application\/ld+json\" class=\"yoast-schema-graph\">{\"@context\":\"https:\\\/\\\/schema.org\",\"@graph\":[{\"@type\":\"Article\",\"@id\":\"https:\\\/\\\/urvistahermosainternational.com\\\/de\\\/2014\\\/01\\\/27\\\/klinik-vistahermosa-feiert-ihren-50-jahrestag-in-dem-marq\\\/#article\",\"isPartOf\":{\"@id\":\"https:\\\/\\\/urvistahermosainternational.com\\\/de\\\/2014\\\/01\\\/27\\\/klinik-vistahermosa-feiert-ihren-50-jahrestag-in-dem-marq\\\/\"},\"author\":{\"name\":\"mespi_wz3o8t8p\",\"@id\":\"https:\\\/\\\/urvistahermosainternational.com\\\/de\\\/#\\\/schema\\\/person\\\/ccf8d0f6ec028fe57c5e91856fef6459\"},\"headline\":\"Klinik Vistahermosa feiert ihren 50. Jahrestag in dem MARQ\",\"datePublished\":\"2014-01-27T15:33:50+00:00\",\"mainEntityOfPage\":{\"@id\":\"https:\\\/\\\/urvistahermosainternational.com\\\/de\\\/2014\\\/01\\\/27\\\/klinik-vistahermosa-feiert-ihren-50-jahrestag-in-dem-marq\\\/\"},\"wordCount\":165,\"commentCount\":0,\"image\":{\"@id\":\"https:\\\/\\\/urvistahermosainternational.com\\\/de\\\/2014\\\/01\\\/27\\\/klinik-vistahermosa-feiert-ihren-50-jahrestag-in-dem-marq\\\/#primaryimage\"},\"thumbnailUrl\":\"\",\"articleSection\":[\"Presse\"],\"inLanguage\":\"de\",\"potentialAction\":[{\"@type\":\"CommentAction\",\"name\":\"Comment\",\"target\":[\"https:\\\/\\\/urvistahermosainternational.com\\\/de\\\/2014\\\/01\\\/27\\\/klinik-vistahermosa-feiert-ihren-50-jahrestag-in-dem-marq\\\/#respond\"]}]},{\"@type\":\"WebPage\",\"@id\":\"https:\\\/\\\/urvistahermosainternational.com\\\/de\\\/2014\\\/01\\\/27\\\/klinik-vistahermosa-feiert-ihren-50-jahrestag-in-dem-marq\\\/\",\"url\":\"https:\\\/\\\/urvistahermosainternational.com\\\/de\\\/2014\\\/01\\\/27\\\/klinik-vistahermosa-feiert-ihren-50-jahrestag-in-dem-marq\\\/\",\"name\":\"Klinik Vistahermosa feiert ihren 50. Jahrestag in dem MARQ - UR International DE\",\"isPartOf\":{\"@id\":\"https:\\\/\\\/urvistahermosainternational.com\\\/de\\\/#website\"},\"primaryImageOfPage\":{\"@id\":\"https:\\\/\\\/urvistahermosainternational.com\\\/de\\\/2014\\\/01\\\/27\\\/klinik-vistahermosa-feiert-ihren-50-jahrestag-in-dem-marq\\\/#primaryimage\"},\"image\":{\"@id\":\"https:\\\/\\\/urvistahermosainternational.com\\\/de\\\/2014\\\/01\\\/27\\\/klinik-vistahermosa-feiert-ihren-50-jahrestag-in-dem-marq\\\/#primaryimage\"},\"thumbnailUrl\":\"\",\"datePublished\":\"2014-01-27T15:33:50+00:00\",\"author\":{\"@id\":\"https:\\\/\\\/urvistahermosainternational.com\\\/de\\\/#\\\/schema\\\/person\\\/ccf8d0f6ec028fe57c5e91856fef6459\"},\"breadcrumb\":{\"@id\":\"https:\\\/\\\/urvistahermosainternational.com\\\/de\\\/2014\\\/01\\\/27\\\/klinik-vistahermosa-feiert-ihren-50-jahrestag-in-dem-marq\\\/#breadcrumb\"},\"inLanguage\":\"de\",\"potentialAction\":[{\"@type\":\"ReadAction\",\"target\":[\"https:\\\/\\\/urvistahermosainternational.com\\\/de\\\/2014\\\/01\\\/27\\\/klinik-vistahermosa-feiert-ihren-50-jahrestag-in-dem-marq\\\/\"]}]},{\"@type\":\"ImageObject\",\"inLanguage\":\"de\",\"@id\":\"https:\\\/\\\/urvistahermosainternational.com\\\/de\\\/2014\\\/01\\\/27\\\/klinik-vistahermosa-feiert-ihren-50-jahrestag-in-dem-marq\\\/#primaryimage\",\"url\":\"\",\"contentUrl\":\"\"},{\"@type\":\"BreadcrumbList\",\"@id\":\"https:\\\/\\\/urvistahermosainternational.com\\\/de\\\/2014\\\/01\\\/27\\\/klinik-vistahermosa-feiert-ihren-50-jahrestag-in-dem-marq\\\/#breadcrumb\",\"itemListElement\":[{\"@type\":\"ListItem\",\"position\":1,\"name\":\"Home\",\"item\":\"https:\\\/\\\/urvistahermosainternational.com\\\/de\\\/\"},{\"@type\":\"ListItem\",\"position\":2,\"name\":\"Klinik Vistahermosa feiert ihren 50. Jahrestag in dem MARQ\"}]},{\"@type\":\"WebSite\",\"@id\":\"https:\\\/\\\/urvistahermosainternational.com\\\/de\\\/#website\",\"url\":\"https:\\\/\\\/urvistahermosainternational.com\\\/de\\\/\",\"name\":\"UR International DE\",\"description\":\"Otro sitio m\u00e1s de UR sitios\",\"potentialAction\":[{\"@type\":\"SearchAction\",\"target\":{\"@type\":\"EntryPoint\",\"urlTemplate\":\"https:\\\/\\\/urvistahermosainternational.com\\\/de\\\/?s={search_term_string}\"},\"query-input\":{\"@type\":\"PropertyValueSpecification\",\"valueRequired\":true,\"valueName\":\"search_term_string\"}}],\"inLanguage\":\"de\"},{\"@type\":\"Person\",\"@id\":\"https:\\\/\\\/urvistahermosainternational.com\\\/de\\\/#\\\/schema\\\/person\\\/ccf8d0f6ec028fe57c5e91856fef6459\",\"name\":\"mespi_wz3o8t8p\",\"image\":{\"@type\":\"ImageObject\",\"inLanguage\":\"de\",\"@id\":\"https:\\\/\\\/secure.gravatar.com\\\/avatar\\\/4e3586102b4dfd66d137e2d59c8049bfe057dc7f6809117962f9d0f14eaace33?s=96&d=mm&r=g\",\"url\":\"https:\\\/\\\/secure.gravatar.com\\\/avatar\\\/4e3586102b4dfd66d137e2d59c8049bfe057dc7f6809117962f9d0f14eaace33?s=96&d=mm&r=g\",\"contentUrl\":\"https:\\\/\\\/secure.gravatar.com\\\/avatar\\\/4e3586102b4dfd66d137e2d59c8049bfe057dc7f6809117962f9d0f14eaace33?s=96&d=mm&r=g\",\"caption\":\"mespi_wz3o8t8p\"},\"url\":\"https:\\\/\\\/urvistahermosainternational.com\\\/de\\\/author\\\/mespi_wz3o8t8p\\\/\"}]}<\/script>\n<!-- \/ Yoast SEO plugin. -->","yoast_head_json":{"title":"Klinik Vistahermosa feiert ihren 50. Jahrestag in dem MARQ - UR International DE","robots":{"index":"index","follow":"follow","max-snippet":"max-snippet:-1","max-image-preview":"max-image-preview:large","max-video-preview":"max-video-preview:-1"},"canonical":"https:\/\/urvistahermosainternational.com\/de\/2014\/01\/27\/klinik-vistahermosa-feiert-ihren-50-jahrestag-in-dem-marq\/","og_locale":"de_DE","og_type":"article","og_title":"Klinik Vistahermosa feiert ihren 50. Jahrestag in dem MARQ - UR International DE","og_description":"Letzter Donnerstag 23. Januar feirte die Klinik Vistahermosa ihren 50. Jahrestag\u00a0 in dem Arch\u00e4ologischen Museum der Provinz Alicante. In der Feier redete man \u00fcber die Klinik aus dem Inneren mit den Stimmen ihrer Hauptpersonen. Der Zeremonienmeister erz\u00e4hlte die Kliniksgeschichte \u00fcber die Erkl\u00e4rungen der Profis, besonders: der Pr\u00e4sident Dr. Francisco Ivorra, die \u00c4rztliche Leiterin Dra. Concha [&hellip;]","og_url":"https:\/\/urvistahermosainternational.com\/de\/2014\/01\/27\/klinik-vistahermosa-feiert-ihren-50-jahrestag-in-dem-marq\/","og_site_name":"UR International DE","article_published_time":"2014-01-27T15:33:50+00:00","og_image":[{"url":"http:\/\/urvistahermosa.com\/de\/files\/2014\/01\/IMG-20140124-WA0010-173x233.jpg","type":"","width":"","height":""}],"author":"mespi_wz3o8t8p","twitter_card":"summary_large_image","twitter_misc":{"Verfasst von":"mespi_wz3o8t8p","Gesch\u00e4tzte Lesezeit":"1\u00a0Minute"},"schema":{"@context":"https:\/\/schema.org","@graph":[{"@type":"Article","@id":"https:\/\/urvistahermosainternational.com\/de\/2014\/01\/27\/klinik-vistahermosa-feiert-ihren-50-jahrestag-in-dem-marq\/#article","isPartOf":{"@id":"https:\/\/urvistahermosainternational.com\/de\/2014\/01\/27\/klinik-vistahermosa-feiert-ihren-50-jahrestag-in-dem-marq\/"},"author":{"name":"mespi_wz3o8t8p","@id":"https:\/\/urvistahermosainternational.com\/de\/#\/schema\/person\/ccf8d0f6ec028fe57c5e91856fef6459"},"headline":"Klinik Vistahermosa feiert ihren 50. Jahrestag in dem MARQ","datePublished":"2014-01-27T15:33:50+00:00","mainEntityOfPage":{"@id":"https:\/\/urvistahermosainternational.com\/de\/2014\/01\/27\/klinik-vistahermosa-feiert-ihren-50-jahrestag-in-dem-marq\/"},"wordCount":165,"commentCount":0,"image":{"@id":"https:\/\/urvistahermosainternational.com\/de\/2014\/01\/27\/klinik-vistahermosa-feiert-ihren-50-jahrestag-in-dem-marq\/#primaryimage"},"thumbnailUrl":"","articleSection":["Presse"],"inLanguage":"de","potentialAction":[{"@type":"CommentAction","name":"Comment","target":["https:\/\/urvistahermosainternational.com\/de\/2014\/01\/27\/klinik-vistahermosa-feiert-ihren-50-jahrestag-in-dem-marq\/#respond"]}]},{"@type":"WebPage","@id":"https:\/\/urvistahermosainternational.com\/de\/2014\/01\/27\/klinik-vistahermosa-feiert-ihren-50-jahrestag-in-dem-marq\/","url":"https:\/\/urvistahermosainternational.com\/de\/2014\/01\/27\/klinik-vistahermosa-feiert-ihren-50-jahrestag-in-dem-marq\/","name":"Klinik Vistahermosa feiert ihren 50. Jahrestag in dem MARQ - UR International DE","isPartOf":{"@id":"https:\/\/urvistahermosainternational.com\/de\/#website"},"primaryImageOfPage":{"@id":"https:\/\/urvistahermosainternational.com\/de\/2014\/01\/27\/klinik-vistahermosa-feiert-ihren-50-jahrestag-in-dem-marq\/#primaryimage"},"image":{"@id":"https:\/\/urvistahermosainternational.com\/de\/2014\/01\/27\/klinik-vistahermosa-feiert-ihren-50-jahrestag-in-dem-marq\/#primaryimage"},"thumbnailUrl":"","datePublished":"2014-01-27T15:33:50+00:00","author":{"@id":"https:\/\/urvistahermosainternational.com\/de\/#\/schema\/person\/ccf8d0f6ec028fe57c5e91856fef6459"},"breadcrumb":{"@id":"https:\/\/urvistahermosainternational.com\/de\/2014\/01\/27\/klinik-vistahermosa-feiert-ihren-50-jahrestag-in-dem-marq\/#breadcrumb"},"inLanguage":"de","potentialAction":[{"@type":"ReadAction","target":["https:\/\/urvistahermosainternational.com\/de\/2014\/01\/27\/klinik-vistahermosa-feiert-ihren-50-jahrestag-in-dem-marq\/"]}]},{"@type":"ImageObject","inLanguage":"de","@id":"https:\/\/urvistahermosainternational.com\/de\/2014\/01\/27\/klinik-vistahermosa-feiert-ihren-50-jahrestag-in-dem-marq\/#primaryimage","url":"","contentUrl":""},{"@type":"BreadcrumbList","@id":"https:\/\/urvistahermosainternational.com\/de\/2014\/01\/27\/klinik-vistahermosa-feiert-ihren-50-jahrestag-in-dem-marq\/#breadcrumb","itemListElement":[{"@type":"ListItem","position":1,"name":"Home","item":"https:\/\/urvistahermosainternational.com\/de\/"},{"@type":"ListItem","position":2,"name":"Klinik Vistahermosa feiert ihren 50. Jahrestag in dem MARQ"}]},{"@type":"WebSite","@id":"https:\/\/urvistahermosainternational.com\/de\/#website","url":"https:\/\/urvistahermosainternational.com\/de\/","name":"UR International DE","description":"Otro sitio m\u00e1s de UR sitios","potentialAction":[{"@type":"SearchAction","target":{"@type":"EntryPoint","urlTemplate":"https:\/\/urvistahermosainternational.com\/de\/?s={search_term_string}"},"query-input":{"@type":"PropertyValueSpecification","valueRequired":true,"valueName":"search_term_string"}}],"inLanguage":"de"},{"@type":"Person","@id":"https:\/\/urvistahermosainternational.com\/de\/#\/schema\/person\/ccf8d0f6ec028fe57c5e91856fef6459","name":"mespi_wz3o8t8p","image":{"@type":"ImageObject","inLanguage":"de","@id":"https:\/\/secure.gravatar.com\/avatar\/4e3586102b4dfd66d137e2d59c8049bfe057dc7f6809117962f9d0f14eaace33?s=96&d=mm&r=g","url":"https:\/\/secure.gravatar.com\/avatar\/4e3586102b4dfd66d137e2d59c8049bfe057dc7f6809117962f9d0f14eaace33?s=96&d=mm&r=g","contentUrl":"https:\/\/secure.gravatar.com\/avatar\/4e3586102b4dfd66d137e2d59c8049bfe057dc7f6809117962f9d0f14eaace33?s=96&d=mm&r=g","caption":"mespi_wz3o8t8p"},"url":"https:\/\/urvistahermosainternational.com\/de\/author\/mespi_wz3o8t8p\/"}]}},"_links":{"self":[{"href":"https:\/\/urvistahermosainternational.com\/de\/wp-json\/wp\/v2\/posts\/1888","targetHints":{"allow":["GET"]}}],"collection":[{"href":"https:\/\/urvistahermosainternational.com\/de\/wp-json\/wp\/v2\/posts"}],"about":[{"href":"https:\/\/urvistahermosainternational.com\/de\/wp-json\/wp\/v2\/types\/post"}],"author":[{"embeddable":true,"href":"https:\/\/urvistahermosainternational.com\/de\/wp-json\/wp\/v2\/users\/1"}],"replies":[{"embeddable":true,"href":"https:\/\/urvistahermosainternational.com\/de\/wp-json\/wp\/v2\/comments?post=1888"}],"version-history":[{"count":0,"href":"https:\/\/urvistahermosainternational.com\/de\/wp-json\/wp\/v2\/posts\/1888\/revisions"}],"wp:featuredmedia":[{"embeddable":true,"href":"https:\/\/urvistahermosainternational.com\/de\/wp-json\/"}],"wp:attachment":[{"href":"https:\/\/urvistahermosainternational.com\/de\/wp-json\/wp\/v2\/media?parent=1888"}],"wp:term":[{"taxonomy":"category","embeddable":true,"href":"https:\/\/urvistahermosainternational.com\/de\/wp-json\/wp\/v2\/categories?post=1888"},{"taxonomy":"post_tag","embeddable":true,"href":"https:\/\/urvistahermosainternational.com\/de\/wp-json\/wp\/v2\/tags?post=1888"}],"curies":[{"name":"wp","href":"https:\/\/api.w.org\/{rel}","templated":true}]}}