{"id":1568,"date":"2013-03-24T13:59:50","date_gmt":"2013-03-24T13:59:50","guid":{"rendered":"http:\/\/urvistahermosa.com\/de\/?p=1568"},"modified":"2013-03-24T13:59:50","modified_gmt":"2013-03-24T13:59:50","slug":"ur-in-massenmedien-interview-mit-unserem-leiter-dr-lopez-galvez","status":"publish","type":"post","link":"https:\/\/urvistahermosainternational.com\/de\/2013\/03\/24\/ur-in-massenmedien-interview-mit-unserem-leiter-dr-lopez-galvez\/","title":{"rendered":"UR in Massenmedien: Interview mit unserem Leiter Dr. L\u00f3pez G\u00e1lvez"},"content":{"rendered":"<p>Letzter Samstag 23.M\u00e4rz ist die Tageszeitung <a href=\"www.informacion.es\" target=\"_blank\" rel=\"noopener\">INFORMACI\u00d3N<\/a> ein Interview mit dem Leiter der Reproduktionseinheit der Klinik Vistahermosa, Dr. Jos\u00e9 Jes\u00fas L\u00f3pez G\u00e1lvez, erschienen.<br \/>\nDieses Medium, das eine wichtige Wirkung und Folge in Alicante hat, hat UR Vistahermosa und den Leiter gew\u00e4hlt, um \u00fcber die letzte Neuheiten der assistierten Reproduktionstechniken zu informieren.<br \/>\nDie Einheit der Klinik Vistahermosa ist ein Referent f\u00fcr Patienten mit Infertilit\u00e4tsprobleme dank der bedeutenden Teamarbeit und der konstanten Untersuchung und Lehrt\u00e4tigkeit.<br \/>\nUR will Vertrauen und Qualit\u00e4t zu den Patienten geben: Hospitalumgebung, Untersuchung und das beste Fachteam.<br \/>\nDr. L\u00f3pez G\u00e1lvez\u00a0 erw\u00e4hnt die Internationale Abteilung von UR in diesem schriftlichen Medium, um die aktuelle Realit\u00e4t zu erkl\u00e4ren: die Erh\u00f6hung der internationalen Patienten.    \t<\/p>\n","protected":false},"excerpt":{"rendered":"<p>Letzter Samstag 23.M\u00e4rz ist die Tageszeitung INFORMACI\u00d3N ein Interview mit dem Leiter der Reproduktionseinheit der Klinik Vistahermosa, Dr. Jos\u00e9 Jes\u00fas L\u00f3pez G\u00e1lvez, erschienen. Dieses Medium, das eine wichtige Wirkung und Folge in Alicante hat, hat UR Vistahermosa und den Leiter gew\u00e4hlt, um \u00fcber die letzte Neuheiten der assistierten Reproduktionstechniken zu informieren. Die Einheit der Klinik [&hellip;]<\/p>\n","protected":false},"author":1,"featured_media":1569,"comment_status":"open","ping_status":"open","sticky":false,"template":"","format":"standard","meta":{"_acf_changed":false,"footnotes":""},"categories":[9],"tags":[],"class_list":["post-1568","post","type-post","status-publish","format-standard","has-post-thumbnail","hentry","category-presse"],"acf":[],"yoast_head":"<!-- This site is optimized with the Yoast SEO plugin v27.5 - https:\/\/yoast.com\/product\/yoast-seo-wordpress\/ -->\n<title>UR in Massenmedien: Interview mit unserem Leiter Dr. L\u00f3pez G\u00e1lvez - UR International DE<\/title>\n<meta name=\"robots\" content=\"index, follow, max-snippet:-1, max-image-preview:large, max-video-preview:-1\" \/>\n<link rel=\"canonical\" href=\"https:\/\/urvistahermosainternational.com\/de\/2013\/03\/24\/ur-in-massenmedien-interview-mit-unserem-leiter-dr-lopez-galvez\/\" \/>\n<meta property=\"og:locale\" content=\"de_DE\" \/>\n<meta property=\"og:type\" content=\"article\" \/>\n<meta property=\"og:title\" content=\"UR in Massenmedien: Interview mit unserem Leiter Dr. L\u00f3pez G\u00e1lvez - UR International DE\" \/>\n<meta property=\"og:description\" content=\"Letzter Samstag 23.M\u00e4rz ist die Tageszeitung INFORMACI\u00d3N ein Interview mit dem Leiter der Reproduktionseinheit der Klinik Vistahermosa, Dr. Jos\u00e9 Jes\u00fas L\u00f3pez G\u00e1lvez, erschienen. Dieses Medium, das eine wichtige Wirkung und Folge in Alicante hat, hat UR Vistahermosa und den Leiter gew\u00e4hlt, um \u00fcber die letzte Neuheiten der assistierten Reproduktionstechniken zu informieren. Die Einheit der Klinik [&hellip;]\" \/>\n<meta property=\"og:url\" content=\"https:\/\/urvistahermosainternational.com\/de\/2013\/03\/24\/ur-in-massenmedien-interview-mit-unserem-leiter-dr-lopez-galvez\/\" \/>\n<meta property=\"og:site_name\" content=\"UR International DE\" \/>\n<meta property=\"article:published_time\" content=\"2013-03-24T13:59:50+00:00\" \/>\n<meta name=\"author\" content=\"mespi_wz3o8t8p\" \/>\n<meta name=\"twitter:card\" content=\"summary_large_image\" \/>\n<meta name=\"twitter:label1\" content=\"Verfasst von\" \/>\n\t<meta name=\"twitter:data1\" content=\"mespi_wz3o8t8p\" \/>\n\t<meta name=\"twitter:label2\" content=\"Gesch\u00e4tzte Lesezeit\" \/>\n\t<meta name=\"twitter:data2\" content=\"1\u00a0Minute\" \/>\n<script type=\"application\/ld+json\" class=\"yoast-schema-graph\">{\"@context\":\"https:\\\/\\\/schema.org\",\"@graph\":[{\"@type\":\"Article\",\"@id\":\"https:\\\/\\\/urvistahermosainternational.com\\\/de\\\/2013\\\/03\\\/24\\\/ur-in-massenmedien-interview-mit-unserem-leiter-dr-lopez-galvez\\\/#article\",\"isPartOf\":{\"@id\":\"https:\\\/\\\/urvistahermosainternational.com\\\/de\\\/2013\\\/03\\\/24\\\/ur-in-massenmedien-interview-mit-unserem-leiter-dr-lopez-galvez\\\/\"},\"author\":{\"name\":\"mespi_wz3o8t8p\",\"@id\":\"https:\\\/\\\/urvistahermosainternational.com\\\/de\\\/#\\\/schema\\\/person\\\/ccf8d0f6ec028fe57c5e91856fef6459\"},\"headline\":\"UR in Massenmedien: Interview mit unserem Leiter Dr. L\u00f3pez G\u00e1lvez\",\"datePublished\":\"2013-03-24T13:59:50+00:00\",\"mainEntityOfPage\":{\"@id\":\"https:\\\/\\\/urvistahermosainternational.com\\\/de\\\/2013\\\/03\\\/24\\\/ur-in-massenmedien-interview-mit-unserem-leiter-dr-lopez-galvez\\\/\"},\"wordCount\":140,\"commentCount\":0,\"image\":{\"@id\":\"https:\\\/\\\/urvistahermosainternational.com\\\/de\\\/2013\\\/03\\\/24\\\/ur-in-massenmedien-interview-mit-unserem-leiter-dr-lopez-galvez\\\/#primaryimage\"},\"thumbnailUrl\":\"\",\"articleSection\":[\"Presse\"],\"inLanguage\":\"de\",\"potentialAction\":[{\"@type\":\"CommentAction\",\"name\":\"Comment\",\"target\":[\"https:\\\/\\\/urvistahermosainternational.com\\\/de\\\/2013\\\/03\\\/24\\\/ur-in-massenmedien-interview-mit-unserem-leiter-dr-lopez-galvez\\\/#respond\"]}]},{\"@type\":\"WebPage\",\"@id\":\"https:\\\/\\\/urvistahermosainternational.com\\\/de\\\/2013\\\/03\\\/24\\\/ur-in-massenmedien-interview-mit-unserem-leiter-dr-lopez-galvez\\\/\",\"url\":\"https:\\\/\\\/urvistahermosainternational.com\\\/de\\\/2013\\\/03\\\/24\\\/ur-in-massenmedien-interview-mit-unserem-leiter-dr-lopez-galvez\\\/\",\"name\":\"UR in Massenmedien: Interview mit unserem Leiter Dr. L\u00f3pez G\u00e1lvez - UR International DE\",\"isPartOf\":{\"@id\":\"https:\\\/\\\/urvistahermosainternational.com\\\/de\\\/#website\"},\"primaryImageOfPage\":{\"@id\":\"https:\\\/\\\/urvistahermosainternational.com\\\/de\\\/2013\\\/03\\\/24\\\/ur-in-massenmedien-interview-mit-unserem-leiter-dr-lopez-galvez\\\/#primaryimage\"},\"image\":{\"@id\":\"https:\\\/\\\/urvistahermosainternational.com\\\/de\\\/2013\\\/03\\\/24\\\/ur-in-massenmedien-interview-mit-unserem-leiter-dr-lopez-galvez\\\/#primaryimage\"},\"thumbnailUrl\":\"\",\"datePublished\":\"2013-03-24T13:59:50+00:00\",\"author\":{\"@id\":\"https:\\\/\\\/urvistahermosainternational.com\\\/de\\\/#\\\/schema\\\/person\\\/ccf8d0f6ec028fe57c5e91856fef6459\"},\"breadcrumb\":{\"@id\":\"https:\\\/\\\/urvistahermosainternational.com\\\/de\\\/2013\\\/03\\\/24\\\/ur-in-massenmedien-interview-mit-unserem-leiter-dr-lopez-galvez\\\/#breadcrumb\"},\"inLanguage\":\"de\",\"potentialAction\":[{\"@type\":\"ReadAction\",\"target\":[\"https:\\\/\\\/urvistahermosainternational.com\\\/de\\\/2013\\\/03\\\/24\\\/ur-in-massenmedien-interview-mit-unserem-leiter-dr-lopez-galvez\\\/\"]}]},{\"@type\":\"ImageObject\",\"inLanguage\":\"de\",\"@id\":\"https:\\\/\\\/urvistahermosainternational.com\\\/de\\\/2013\\\/03\\\/24\\\/ur-in-massenmedien-interview-mit-unserem-leiter-dr-lopez-galvez\\\/#primaryimage\",\"url\":\"\",\"contentUrl\":\"\"},{\"@type\":\"BreadcrumbList\",\"@id\":\"https:\\\/\\\/urvistahermosainternational.com\\\/de\\\/2013\\\/03\\\/24\\\/ur-in-massenmedien-interview-mit-unserem-leiter-dr-lopez-galvez\\\/#breadcrumb\",\"itemListElement\":[{\"@type\":\"ListItem\",\"position\":1,\"name\":\"Home\",\"item\":\"https:\\\/\\\/urvistahermosainternational.com\\\/de\\\/\"},{\"@type\":\"ListItem\",\"position\":2,\"name\":\"UR in Massenmedien: Interview mit unserem Leiter Dr. L\u00f3pez G\u00e1lvez\"}]},{\"@type\":\"WebSite\",\"@id\":\"https:\\\/\\\/urvistahermosainternational.com\\\/de\\\/#website\",\"url\":\"https:\\\/\\\/urvistahermosainternational.com\\\/de\\\/\",\"name\":\"UR International DE\",\"description\":\"Otro sitio m\u00e1s de UR sitios\",\"potentialAction\":[{\"@type\":\"SearchAction\",\"target\":{\"@type\":\"EntryPoint\",\"urlTemplate\":\"https:\\\/\\\/urvistahermosainternational.com\\\/de\\\/?s={search_term_string}\"},\"query-input\":{\"@type\":\"PropertyValueSpecification\",\"valueRequired\":true,\"valueName\":\"search_term_string\"}}],\"inLanguage\":\"de\"},{\"@type\":\"Person\",\"@id\":\"https:\\\/\\\/urvistahermosainternational.com\\\/de\\\/#\\\/schema\\\/person\\\/ccf8d0f6ec028fe57c5e91856fef6459\",\"name\":\"mespi_wz3o8t8p\",\"image\":{\"@type\":\"ImageObject\",\"inLanguage\":\"de\",\"@id\":\"https:\\\/\\\/secure.gravatar.com\\\/avatar\\\/4e3586102b4dfd66d137e2d59c8049bfe057dc7f6809117962f9d0f14eaace33?s=96&d=mm&r=g\",\"url\":\"https:\\\/\\\/secure.gravatar.com\\\/avatar\\\/4e3586102b4dfd66d137e2d59c8049bfe057dc7f6809117962f9d0f14eaace33?s=96&d=mm&r=g\",\"contentUrl\":\"https:\\\/\\\/secure.gravatar.com\\\/avatar\\\/4e3586102b4dfd66d137e2d59c8049bfe057dc7f6809117962f9d0f14eaace33?s=96&d=mm&r=g\",\"caption\":\"mespi_wz3o8t8p\"},\"url\":\"https:\\\/\\\/urvistahermosainternational.com\\\/de\\\/author\\\/mespi_wz3o8t8p\\\/\"}]}<\/script>\n<!-- \/ Yoast SEO plugin. -->","yoast_head_json":{"title":"UR in Massenmedien: Interview mit unserem Leiter Dr. L\u00f3pez G\u00e1lvez - UR International DE","robots":{"index":"index","follow":"follow","max-snippet":"max-snippet:-1","max-image-preview":"max-image-preview:large","max-video-preview":"max-video-preview:-1"},"canonical":"https:\/\/urvistahermosainternational.com\/de\/2013\/03\/24\/ur-in-massenmedien-interview-mit-unserem-leiter-dr-lopez-galvez\/","og_locale":"de_DE","og_type":"article","og_title":"UR in Massenmedien: Interview mit unserem Leiter Dr. L\u00f3pez G\u00e1lvez - UR International DE","og_description":"Letzter Samstag 23.M\u00e4rz ist die Tageszeitung INFORMACI\u00d3N ein Interview mit dem Leiter der Reproduktionseinheit der Klinik Vistahermosa, Dr. Jos\u00e9 Jes\u00fas L\u00f3pez G\u00e1lvez, erschienen. Dieses Medium, das eine wichtige Wirkung und Folge in Alicante hat, hat UR Vistahermosa und den Leiter gew\u00e4hlt, um \u00fcber die letzte Neuheiten der assistierten Reproduktionstechniken zu informieren. Die Einheit der Klinik [&hellip;]","og_url":"https:\/\/urvistahermosainternational.com\/de\/2013\/03\/24\/ur-in-massenmedien-interview-mit-unserem-leiter-dr-lopez-galvez\/","og_site_name":"UR International DE","article_published_time":"2013-03-24T13:59:50+00:00","author":"mespi_wz3o8t8p","twitter_card":"summary_large_image","twitter_misc":{"Verfasst von":"mespi_wz3o8t8p","Gesch\u00e4tzte Lesezeit":"1\u00a0Minute"},"schema":{"@context":"https:\/\/schema.org","@graph":[{"@type":"Article","@id":"https:\/\/urvistahermosainternational.com\/de\/2013\/03\/24\/ur-in-massenmedien-interview-mit-unserem-leiter-dr-lopez-galvez\/#article","isPartOf":{"@id":"https:\/\/urvistahermosainternational.com\/de\/2013\/03\/24\/ur-in-massenmedien-interview-mit-unserem-leiter-dr-lopez-galvez\/"},"author":{"name":"mespi_wz3o8t8p","@id":"https:\/\/urvistahermosainternational.com\/de\/#\/schema\/person\/ccf8d0f6ec028fe57c5e91856fef6459"},"headline":"UR in Massenmedien: Interview mit unserem Leiter Dr. L\u00f3pez G\u00e1lvez","datePublished":"2013-03-24T13:59:50+00:00","mainEntityOfPage":{"@id":"https:\/\/urvistahermosainternational.com\/de\/2013\/03\/24\/ur-in-massenmedien-interview-mit-unserem-leiter-dr-lopez-galvez\/"},"wordCount":140,"commentCount":0,"image":{"@id":"https:\/\/urvistahermosainternational.com\/de\/2013\/03\/24\/ur-in-massenmedien-interview-mit-unserem-leiter-dr-lopez-galvez\/#primaryimage"},"thumbnailUrl":"","articleSection":["Presse"],"inLanguage":"de","potentialAction":[{"@type":"CommentAction","name":"Comment","target":["https:\/\/urvistahermosainternational.com\/de\/2013\/03\/24\/ur-in-massenmedien-interview-mit-unserem-leiter-dr-lopez-galvez\/#respond"]}]},{"@type":"WebPage","@id":"https:\/\/urvistahermosainternational.com\/de\/2013\/03\/24\/ur-in-massenmedien-interview-mit-unserem-leiter-dr-lopez-galvez\/","url":"https:\/\/urvistahermosainternational.com\/de\/2013\/03\/24\/ur-in-massenmedien-interview-mit-unserem-leiter-dr-lopez-galvez\/","name":"UR in Massenmedien: Interview mit unserem Leiter Dr. L\u00f3pez G\u00e1lvez - UR International DE","isPartOf":{"@id":"https:\/\/urvistahermosainternational.com\/de\/#website"},"primaryImageOfPage":{"@id":"https:\/\/urvistahermosainternational.com\/de\/2013\/03\/24\/ur-in-massenmedien-interview-mit-unserem-leiter-dr-lopez-galvez\/#primaryimage"},"image":{"@id":"https:\/\/urvistahermosainternational.com\/de\/2013\/03\/24\/ur-in-massenmedien-interview-mit-unserem-leiter-dr-lopez-galvez\/#primaryimage"},"thumbnailUrl":"","datePublished":"2013-03-24T13:59:50+00:00","author":{"@id":"https:\/\/urvistahermosainternational.com\/de\/#\/schema\/person\/ccf8d0f6ec028fe57c5e91856fef6459"},"breadcrumb":{"@id":"https:\/\/urvistahermosainternational.com\/de\/2013\/03\/24\/ur-in-massenmedien-interview-mit-unserem-leiter-dr-lopez-galvez\/#breadcrumb"},"inLanguage":"de","potentialAction":[{"@type":"ReadAction","target":["https:\/\/urvistahermosainternational.com\/de\/2013\/03\/24\/ur-in-massenmedien-interview-mit-unserem-leiter-dr-lopez-galvez\/"]}]},{"@type":"ImageObject","inLanguage":"de","@id":"https:\/\/urvistahermosainternational.com\/de\/2013\/03\/24\/ur-in-massenmedien-interview-mit-unserem-leiter-dr-lopez-galvez\/#primaryimage","url":"","contentUrl":""},{"@type":"BreadcrumbList","@id":"https:\/\/urvistahermosainternational.com\/de\/2013\/03\/24\/ur-in-massenmedien-interview-mit-unserem-leiter-dr-lopez-galvez\/#breadcrumb","itemListElement":[{"@type":"ListItem","position":1,"name":"Home","item":"https:\/\/urvistahermosainternational.com\/de\/"},{"@type":"ListItem","position":2,"name":"UR in Massenmedien: Interview mit unserem Leiter Dr. L\u00f3pez G\u00e1lvez"}]},{"@type":"WebSite","@id":"https:\/\/urvistahermosainternational.com\/de\/#website","url":"https:\/\/urvistahermosainternational.com\/de\/","name":"UR International DE","description":"Otro sitio m\u00e1s de UR sitios","potentialAction":[{"@type":"SearchAction","target":{"@type":"EntryPoint","urlTemplate":"https:\/\/urvistahermosainternational.com\/de\/?s={search_term_string}"},"query-input":{"@type":"PropertyValueSpecification","valueRequired":true,"valueName":"search_term_string"}}],"inLanguage":"de"},{"@type":"Person","@id":"https:\/\/urvistahermosainternational.com\/de\/#\/schema\/person\/ccf8d0f6ec028fe57c5e91856fef6459","name":"mespi_wz3o8t8p","image":{"@type":"ImageObject","inLanguage":"de","@id":"https:\/\/secure.gravatar.com\/avatar\/4e3586102b4dfd66d137e2d59c8049bfe057dc7f6809117962f9d0f14eaace33?s=96&d=mm&r=g","url":"https:\/\/secure.gravatar.com\/avatar\/4e3586102b4dfd66d137e2d59c8049bfe057dc7f6809117962f9d0f14eaace33?s=96&d=mm&r=g","contentUrl":"https:\/\/secure.gravatar.com\/avatar\/4e3586102b4dfd66d137e2d59c8049bfe057dc7f6809117962f9d0f14eaace33?s=96&d=mm&r=g","caption":"mespi_wz3o8t8p"},"url":"https:\/\/urvistahermosainternational.com\/de\/author\/mespi_wz3o8t8p\/"}]}},"_links":{"self":[{"href":"https:\/\/urvistahermosainternational.com\/de\/wp-json\/wp\/v2\/posts\/1568","targetHints":{"allow":["GET"]}}],"collection":[{"href":"https:\/\/urvistahermosainternational.com\/de\/wp-json\/wp\/v2\/posts"}],"about":[{"href":"https:\/\/urvistahermosainternational.com\/de\/wp-json\/wp\/v2\/types\/post"}],"author":[{"embeddable":true,"href":"https:\/\/urvistahermosainternational.com\/de\/wp-json\/wp\/v2\/users\/1"}],"replies":[{"embeddable":true,"href":"https:\/\/urvistahermosainternational.com\/de\/wp-json\/wp\/v2\/comments?post=1568"}],"version-history":[{"count":0,"href":"https:\/\/urvistahermosainternational.com\/de\/wp-json\/wp\/v2\/posts\/1568\/revisions"}],"wp:featuredmedia":[{"embeddable":true,"href":"https:\/\/urvistahermosainternational.com\/de\/wp-json\/"}],"wp:attachment":[{"href":"https:\/\/urvistahermosainternational.com\/de\/wp-json\/wp\/v2\/media?parent=1568"}],"wp:term":[{"taxonomy":"category","embeddable":true,"href":"https:\/\/urvistahermosainternational.com\/de\/wp-json\/wp\/v2\/categories?post=1568"},{"taxonomy":"post_tag","embeddable":true,"href":"https:\/\/urvistahermosainternational.com\/de\/wp-json\/wp\/v2\/tags?post=1568"}],"curies":[{"name":"wp","href":"https:\/\/api.w.org\/{rel}","templated":true}]}}