{"id":1566,"date":"2013-03-23T13:58:23","date_gmt":"2013-03-23T13:58:23","guid":{"rendered":"http:\/\/urvistahermosa.com\/de\/?p=1566"},"modified":"2013-03-23T13:58:23","modified_gmt":"2013-03-23T13:58:23","slug":"konferenz-uber-das-fragiles-x-syndrom","status":"publish","type":"post","link":"https:\/\/urvistahermosainternational.com\/de\/2013\/03\/23\/konferenz-uber-das-fragiles-x-syndrom\/","title":{"rendered":"Konferenz \u00fcber das Fragiles-X-Syndrom"},"content":{"rendered":"<p>Heute, Freitag, den 22.M\u00e4rz ab 16.30 Uhr wird Dr. Javier Garc\u00eda Planels eine Konferenz \u00fcber das \u201eFragiles-X-Syndrom in assistierter Reproduktion\u201c halten. Das geh\u00f6rt zum Rahmen der speziellen Konferenzen, die der Lehrstuhl f\u00fcr Reproduktives Biomedizin der Universit\u00e4t Miguel Hern\u00e1ndez zusammen mit der Einheiten der Reproduktion und Genetik von der Klinik Vistahermosa\u00a0 organisiert hat.<br \/>\nDr. Garc\u00eda Planels ist der \u00c4rztliche Leiter von <a href=\"http:\/\/www.imegen.es\/cms.php?id=3&amp;iso=3\" target=\"_blank\" rel=\"noopener\">IMEGEN<\/a> und Vorsitzende der <a href=\"http:\/\/www.aedprenatal.com\/\" target=\"_blank\" rel=\"noopener\">Spanischen Vereinigung der Pr\u00e4nataldiagnostik.<\/a>    \t<\/p>\n","protected":false},"excerpt":{"rendered":"<p>Heute, Freitag, den 22.M\u00e4rz ab 16.30 Uhr wird Dr. Javier Garc\u00eda Planels eine Konferenz \u00fcber das \u201eFragiles-X-Syndrom in assistierter Reproduktion\u201c halten. Das geh\u00f6rt zum Rahmen der speziellen Konferenzen, die der Lehrstuhl f\u00fcr Reproduktives Biomedizin der Universit\u00e4t Miguel Hern\u00e1ndez zusammen mit der Einheiten der Reproduktion und Genetik von der Klinik Vistahermosa\u00a0 organisiert hat. Dr. Garc\u00eda Planels [&hellip;]<\/p>\n","protected":false},"author":1,"featured_media":0,"comment_status":"open","ping_status":"open","sticky":false,"template":"","format":"standard","meta":{"_acf_changed":false,"footnotes":""},"categories":[9],"tags":[],"class_list":["post-1566","post","type-post","status-publish","format-standard","hentry","category-presse"],"acf":[],"yoast_head":"<!-- This site is optimized with the Yoast SEO plugin v27.5 - https:\/\/yoast.com\/product\/yoast-seo-wordpress\/ -->\n<title>Konferenz \u00fcber das Fragiles-X-Syndrom - UR International DE<\/title>\n<meta name=\"robots\" content=\"index, follow, max-snippet:-1, max-image-preview:large, max-video-preview:-1\" \/>\n<link rel=\"canonical\" href=\"https:\/\/urvistahermosainternational.com\/de\/2013\/03\/23\/konferenz-uber-das-fragiles-x-syndrom\/\" \/>\n<meta property=\"og:locale\" content=\"de_DE\" \/>\n<meta property=\"og:type\" content=\"article\" \/>\n<meta property=\"og:title\" content=\"Konferenz \u00fcber das Fragiles-X-Syndrom - UR International DE\" \/>\n<meta property=\"og:description\" content=\"Heute, Freitag, den 22.M\u00e4rz ab 16.30 Uhr wird Dr. Javier Garc\u00eda Planels eine Konferenz \u00fcber das \u201eFragiles-X-Syndrom in assistierter Reproduktion\u201c halten. Das geh\u00f6rt zum Rahmen der speziellen Konferenzen, die der Lehrstuhl f\u00fcr Reproduktives Biomedizin der Universit\u00e4t Miguel Hern\u00e1ndez zusammen mit der Einheiten der Reproduktion und Genetik von der Klinik Vistahermosa\u00a0 organisiert hat. Dr. Garc\u00eda Planels [&hellip;]\" \/>\n<meta property=\"og:url\" content=\"https:\/\/urvistahermosainternational.com\/de\/2013\/03\/23\/konferenz-uber-das-fragiles-x-syndrom\/\" \/>\n<meta property=\"og:site_name\" content=\"UR International DE\" \/>\n<meta property=\"article:published_time\" content=\"2013-03-23T13:58:23+00:00\" \/>\n<meta name=\"author\" content=\"mespi_wz3o8t8p\" \/>\n<meta name=\"twitter:card\" content=\"summary_large_image\" \/>\n<meta name=\"twitter:label1\" content=\"Verfasst von\" \/>\n\t<meta name=\"twitter:data1\" content=\"mespi_wz3o8t8p\" \/>\n<script type=\"application\/ld+json\" class=\"yoast-schema-graph\">{\"@context\":\"https:\\\/\\\/schema.org\",\"@graph\":[{\"@type\":\"Article\",\"@id\":\"https:\\\/\\\/urvistahermosainternational.com\\\/de\\\/2013\\\/03\\\/23\\\/konferenz-uber-das-fragiles-x-syndrom\\\/#article\",\"isPartOf\":{\"@id\":\"https:\\\/\\\/urvistahermosainternational.com\\\/de\\\/2013\\\/03\\\/23\\\/konferenz-uber-das-fragiles-x-syndrom\\\/\"},\"author\":{\"name\":\"mespi_wz3o8t8p\",\"@id\":\"https:\\\/\\\/urvistahermosainternational.com\\\/de\\\/#\\\/schema\\\/person\\\/ccf8d0f6ec028fe57c5e91856fef6459\"},\"headline\":\"Konferenz \u00fcber das Fragiles-X-Syndrom\",\"datePublished\":\"2013-03-23T13:58:23+00:00\",\"mainEntityOfPage\":{\"@id\":\"https:\\\/\\\/urvistahermosainternational.com\\\/de\\\/2013\\\/03\\\/23\\\/konferenz-uber-das-fragiles-x-syndrom\\\/\"},\"wordCount\":79,\"commentCount\":0,\"articleSection\":[\"Presse\"],\"inLanguage\":\"de\",\"potentialAction\":[{\"@type\":\"CommentAction\",\"name\":\"Comment\",\"target\":[\"https:\\\/\\\/urvistahermosainternational.com\\\/de\\\/2013\\\/03\\\/23\\\/konferenz-uber-das-fragiles-x-syndrom\\\/#respond\"]}]},{\"@type\":\"WebPage\",\"@id\":\"https:\\\/\\\/urvistahermosainternational.com\\\/de\\\/2013\\\/03\\\/23\\\/konferenz-uber-das-fragiles-x-syndrom\\\/\",\"url\":\"https:\\\/\\\/urvistahermosainternational.com\\\/de\\\/2013\\\/03\\\/23\\\/konferenz-uber-das-fragiles-x-syndrom\\\/\",\"name\":\"Konferenz \u00fcber das Fragiles-X-Syndrom - UR International DE\",\"isPartOf\":{\"@id\":\"https:\\\/\\\/urvistahermosainternational.com\\\/de\\\/#website\"},\"datePublished\":\"2013-03-23T13:58:23+00:00\",\"author\":{\"@id\":\"https:\\\/\\\/urvistahermosainternational.com\\\/de\\\/#\\\/schema\\\/person\\\/ccf8d0f6ec028fe57c5e91856fef6459\"},\"breadcrumb\":{\"@id\":\"https:\\\/\\\/urvistahermosainternational.com\\\/de\\\/2013\\\/03\\\/23\\\/konferenz-uber-das-fragiles-x-syndrom\\\/#breadcrumb\"},\"inLanguage\":\"de\",\"potentialAction\":[{\"@type\":\"ReadAction\",\"target\":[\"https:\\\/\\\/urvistahermosainternational.com\\\/de\\\/2013\\\/03\\\/23\\\/konferenz-uber-das-fragiles-x-syndrom\\\/\"]}]},{\"@type\":\"BreadcrumbList\",\"@id\":\"https:\\\/\\\/urvistahermosainternational.com\\\/de\\\/2013\\\/03\\\/23\\\/konferenz-uber-das-fragiles-x-syndrom\\\/#breadcrumb\",\"itemListElement\":[{\"@type\":\"ListItem\",\"position\":1,\"name\":\"Home\",\"item\":\"https:\\\/\\\/urvistahermosainternational.com\\\/de\\\/\"},{\"@type\":\"ListItem\",\"position\":2,\"name\":\"Konferenz \u00fcber das Fragiles-X-Syndrom\"}]},{\"@type\":\"WebSite\",\"@id\":\"https:\\\/\\\/urvistahermosainternational.com\\\/de\\\/#website\",\"url\":\"https:\\\/\\\/urvistahermosainternational.com\\\/de\\\/\",\"name\":\"UR International DE\",\"description\":\"Otro sitio m\u00e1s de UR sitios\",\"potentialAction\":[{\"@type\":\"SearchAction\",\"target\":{\"@type\":\"EntryPoint\",\"urlTemplate\":\"https:\\\/\\\/urvistahermosainternational.com\\\/de\\\/?s={search_term_string}\"},\"query-input\":{\"@type\":\"PropertyValueSpecification\",\"valueRequired\":true,\"valueName\":\"search_term_string\"}}],\"inLanguage\":\"de\"},{\"@type\":\"Person\",\"@id\":\"https:\\\/\\\/urvistahermosainternational.com\\\/de\\\/#\\\/schema\\\/person\\\/ccf8d0f6ec028fe57c5e91856fef6459\",\"name\":\"mespi_wz3o8t8p\",\"image\":{\"@type\":\"ImageObject\",\"inLanguage\":\"de\",\"@id\":\"https:\\\/\\\/secure.gravatar.com\\\/avatar\\\/4e3586102b4dfd66d137e2d59c8049bfe057dc7f6809117962f9d0f14eaace33?s=96&d=mm&r=g\",\"url\":\"https:\\\/\\\/secure.gravatar.com\\\/avatar\\\/4e3586102b4dfd66d137e2d59c8049bfe057dc7f6809117962f9d0f14eaace33?s=96&d=mm&r=g\",\"contentUrl\":\"https:\\\/\\\/secure.gravatar.com\\\/avatar\\\/4e3586102b4dfd66d137e2d59c8049bfe057dc7f6809117962f9d0f14eaace33?s=96&d=mm&r=g\",\"caption\":\"mespi_wz3o8t8p\"},\"url\":\"https:\\\/\\\/urvistahermosainternational.com\\\/de\\\/author\\\/mespi_wz3o8t8p\\\/\"}]}<\/script>\n<!-- \/ Yoast SEO plugin. -->","yoast_head_json":{"title":"Konferenz \u00fcber das Fragiles-X-Syndrom - UR International DE","robots":{"index":"index","follow":"follow","max-snippet":"max-snippet:-1","max-image-preview":"max-image-preview:large","max-video-preview":"max-video-preview:-1"},"canonical":"https:\/\/urvistahermosainternational.com\/de\/2013\/03\/23\/konferenz-uber-das-fragiles-x-syndrom\/","og_locale":"de_DE","og_type":"article","og_title":"Konferenz \u00fcber das Fragiles-X-Syndrom - UR International DE","og_description":"Heute, Freitag, den 22.M\u00e4rz ab 16.30 Uhr wird Dr. Javier Garc\u00eda Planels eine Konferenz \u00fcber das \u201eFragiles-X-Syndrom in assistierter Reproduktion\u201c halten. Das geh\u00f6rt zum Rahmen der speziellen Konferenzen, die der Lehrstuhl f\u00fcr Reproduktives Biomedizin der Universit\u00e4t Miguel Hern\u00e1ndez zusammen mit der Einheiten der Reproduktion und Genetik von der Klinik Vistahermosa\u00a0 organisiert hat. Dr. Garc\u00eda Planels [&hellip;]","og_url":"https:\/\/urvistahermosainternational.com\/de\/2013\/03\/23\/konferenz-uber-das-fragiles-x-syndrom\/","og_site_name":"UR International DE","article_published_time":"2013-03-23T13:58:23+00:00","author":"mespi_wz3o8t8p","twitter_card":"summary_large_image","twitter_misc":{"Verfasst von":"mespi_wz3o8t8p"},"schema":{"@context":"https:\/\/schema.org","@graph":[{"@type":"Article","@id":"https:\/\/urvistahermosainternational.com\/de\/2013\/03\/23\/konferenz-uber-das-fragiles-x-syndrom\/#article","isPartOf":{"@id":"https:\/\/urvistahermosainternational.com\/de\/2013\/03\/23\/konferenz-uber-das-fragiles-x-syndrom\/"},"author":{"name":"mespi_wz3o8t8p","@id":"https:\/\/urvistahermosainternational.com\/de\/#\/schema\/person\/ccf8d0f6ec028fe57c5e91856fef6459"},"headline":"Konferenz \u00fcber das Fragiles-X-Syndrom","datePublished":"2013-03-23T13:58:23+00:00","mainEntityOfPage":{"@id":"https:\/\/urvistahermosainternational.com\/de\/2013\/03\/23\/konferenz-uber-das-fragiles-x-syndrom\/"},"wordCount":79,"commentCount":0,"articleSection":["Presse"],"inLanguage":"de","potentialAction":[{"@type":"CommentAction","name":"Comment","target":["https:\/\/urvistahermosainternational.com\/de\/2013\/03\/23\/konferenz-uber-das-fragiles-x-syndrom\/#respond"]}]},{"@type":"WebPage","@id":"https:\/\/urvistahermosainternational.com\/de\/2013\/03\/23\/konferenz-uber-das-fragiles-x-syndrom\/","url":"https:\/\/urvistahermosainternational.com\/de\/2013\/03\/23\/konferenz-uber-das-fragiles-x-syndrom\/","name":"Konferenz \u00fcber das Fragiles-X-Syndrom - UR International DE","isPartOf":{"@id":"https:\/\/urvistahermosainternational.com\/de\/#website"},"datePublished":"2013-03-23T13:58:23+00:00","author":{"@id":"https:\/\/urvistahermosainternational.com\/de\/#\/schema\/person\/ccf8d0f6ec028fe57c5e91856fef6459"},"breadcrumb":{"@id":"https:\/\/urvistahermosainternational.com\/de\/2013\/03\/23\/konferenz-uber-das-fragiles-x-syndrom\/#breadcrumb"},"inLanguage":"de","potentialAction":[{"@type":"ReadAction","target":["https:\/\/urvistahermosainternational.com\/de\/2013\/03\/23\/konferenz-uber-das-fragiles-x-syndrom\/"]}]},{"@type":"BreadcrumbList","@id":"https:\/\/urvistahermosainternational.com\/de\/2013\/03\/23\/konferenz-uber-das-fragiles-x-syndrom\/#breadcrumb","itemListElement":[{"@type":"ListItem","position":1,"name":"Home","item":"https:\/\/urvistahermosainternational.com\/de\/"},{"@type":"ListItem","position":2,"name":"Konferenz \u00fcber das Fragiles-X-Syndrom"}]},{"@type":"WebSite","@id":"https:\/\/urvistahermosainternational.com\/de\/#website","url":"https:\/\/urvistahermosainternational.com\/de\/","name":"UR International DE","description":"Otro sitio m\u00e1s de UR sitios","potentialAction":[{"@type":"SearchAction","target":{"@type":"EntryPoint","urlTemplate":"https:\/\/urvistahermosainternational.com\/de\/?s={search_term_string}"},"query-input":{"@type":"PropertyValueSpecification","valueRequired":true,"valueName":"search_term_string"}}],"inLanguage":"de"},{"@type":"Person","@id":"https:\/\/urvistahermosainternational.com\/de\/#\/schema\/person\/ccf8d0f6ec028fe57c5e91856fef6459","name":"mespi_wz3o8t8p","image":{"@type":"ImageObject","inLanguage":"de","@id":"https:\/\/secure.gravatar.com\/avatar\/4e3586102b4dfd66d137e2d59c8049bfe057dc7f6809117962f9d0f14eaace33?s=96&d=mm&r=g","url":"https:\/\/secure.gravatar.com\/avatar\/4e3586102b4dfd66d137e2d59c8049bfe057dc7f6809117962f9d0f14eaace33?s=96&d=mm&r=g","contentUrl":"https:\/\/secure.gravatar.com\/avatar\/4e3586102b4dfd66d137e2d59c8049bfe057dc7f6809117962f9d0f14eaace33?s=96&d=mm&r=g","caption":"mespi_wz3o8t8p"},"url":"https:\/\/urvistahermosainternational.com\/de\/author\/mespi_wz3o8t8p\/"}]}},"_links":{"self":[{"href":"https:\/\/urvistahermosainternational.com\/de\/wp-json\/wp\/v2\/posts\/1566","targetHints":{"allow":["GET"]}}],"collection":[{"href":"https:\/\/urvistahermosainternational.com\/de\/wp-json\/wp\/v2\/posts"}],"about":[{"href":"https:\/\/urvistahermosainternational.com\/de\/wp-json\/wp\/v2\/types\/post"}],"author":[{"embeddable":true,"href":"https:\/\/urvistahermosainternational.com\/de\/wp-json\/wp\/v2\/users\/1"}],"replies":[{"embeddable":true,"href":"https:\/\/urvistahermosainternational.com\/de\/wp-json\/wp\/v2\/comments?post=1566"}],"version-history":[{"count":0,"href":"https:\/\/urvistahermosainternational.com\/de\/wp-json\/wp\/v2\/posts\/1566\/revisions"}],"wp:attachment":[{"href":"https:\/\/urvistahermosainternational.com\/de\/wp-json\/wp\/v2\/media?parent=1566"}],"wp:term":[{"taxonomy":"category","embeddable":true,"href":"https:\/\/urvistahermosainternational.com\/de\/wp-json\/wp\/v2\/categories?post=1566"},{"taxonomy":"post_tag","embeddable":true,"href":"https:\/\/urvistahermosainternational.com\/de\/wp-json\/wp\/v2\/tags?post=1566"}],"curies":[{"name":"wp","href":"https:\/\/api.w.org\/{rel}","templated":true}]}}