{"id":14333,"date":"2021-11-15T21:34:08","date_gmt":"2021-11-15T20:34:08","guid":{"rendered":"https:\/\/urvistahermosa.com\/de\/?p=14333"},"modified":"2022-03-02T14:09:19","modified_gmt":"2022-03-02T14:09:19","slug":"interview-laborleiter-und-direktor-der-embryologie","status":"publish","type":"post","link":"https:\/\/urvistahermosainternational.com\/de\/2021\/11\/15\/interview-laborleiter-und-direktor-der-embryologie\/","title":{"rendered":"Interview mit dem Labordirektor und Koordinator der Embryologie der UR Vistahermosa Alicante"},"content":{"rendered":"<h3>Interview mit Dr Juan Manuel Moreno, Labordirektor der Einheit f\u00fcr Reproduktionsmedizin UR Vistahermosa Alicante und Koordinator der Abteilung f\u00fcr Embryologie der Gruppe UR.<\/h3>\n<h3><strong>Was ist eine Blastozystenkultur?<\/strong><\/h3>\n<p>Bei einer In-Vitro-Fertilisationsbehandlung (IVF) besteht die Blastozystenkultur darin, <strong>die Embryonen bis zum 5. oder 6. Tag ihrer Entwicklung im Embryologie-Labor zu \u00fcberwachen<\/strong>, um den Embryo mit der gr\u00f6\u00dften Einnistungsf\u00e4higkeit f\u00fcr den Transfer in die Geb\u00e4rmutter auszuw\u00e4hlen.<\/p>\n<h3><strong>Warum wird sie verwendet?<\/strong><\/h3>\n<p>Seit der <strong>ersten IVF-Schwangerschaft, die 1995<\/strong> einer transferierten Blastozyste hervorging, hat die Reproduktionsbiomedizin ein zunehmendes Interesse an der Embryologie und Kultur von Blastozysten gezeigt, vor allem, weil der Transfer dieser Art von Embryonen nachweislich zu besseren Schwangerschafts- und Einnistungsraten f\u00fchrt.<\/p>\n<h3><strong>In welchen F\u00e4llen ist es empfehlenswert?<\/strong><\/h3>\n<p>Ich w\u00fcrde es immer empfehlen, aber es ist sehr wichtig, dass wir im Embryologie-Labor eine gute Samenprobe und eine ausreichende Anzahl und Qualit\u00e4t reifer Eizellen erhalten, die es uns erm\u00f6glichen, die notwendige Qualit\u00e4t zu erreichen, um eine Blastozystenkultur empfehlen zu k\u00f6nnen. Nur so kann dann gr\u00f6\u00dfte Potenzial genutzt werden.<\/p>\n<h3><strong>Welchen Vorteil hat das transferiren einer Balstozyte und in welchen F\u00e4llen wird sich daf\u00fcr entscheiden?<\/strong><\/h3>\n<p>Ein klarer Vorteil des Transfers eines Blastozyten ist die <strong>verbesserte Syncronization zwischen Geb\u00e4rmutter und Embryo<\/strong>. Bei einer nat\u00fcrlichen Befruchtung, bewegt sich die befruchtet Eizelle durch die Eileiter und entwickelt sich vom Embryo bis zum Blastozyt bevor es die Geb\u00e4rmutter erreicht. Daher ist es theroretisch, physiologisch zu fr\u00fch Embryonen in vohrigen Stadien in die N\u00e4hrstoffumgebung der Geb\u00e4rmutter zu \u00fcbertragen.<\/p>\n<p>Ein weiteres Argument, das f\u00fcr die Blastozystenkultur spricht, ist das <strong>von Natur aus h\u00f6here Einnistungspotenzial im Vergleich zu Embryonen am 2. oder 3. Entwicklungstag<\/strong>. Es ist bekannt, dass ein gro\u00dfer Prozentsatz der an Tag 3 \u00fcbertragenen morphologisch normalen Embryonen chromosomal abnormal ist, was zu einer erh\u00f6hten Rate von Implantationsfehlern oder Fehlgeburten beitr\u00e4gt. Auch wenn der Blastozystentransfer keine Garantie f\u00fcr die Abwesenheit von Chromosomenanomalien bietet, so hat sich doch oft gezeigt, dass die H\u00e4ufigkeit von Chromosomenanomalien zumindest um die H\u00e4lfte reduziert werden kann, wenn es uns gelingt, sie in diesem Stadium zu \u00fcbertragen.<\/p>\n<h3><strong>Gibt es irgendwelche Nachteile?<\/strong><\/h3>\n<p>Nat\u00fcrlich, die Paare die sich f\u00fcr die Blastozystenkultur entscheiden haben eine h\u00f6hre Anzahl an Transferausf\u00e4llen oder weniger M\u00f6glichkeiten diese zu vitrifizieren, da viele im Embryologie-Labor entwickelten Embryonen dieses Stadium nicht \u00fcberstehen.<\/p>\n<h3><strong>Ist diese Art des Transfer zur Gewohnheit geworden oder gibt es weiterhin Tranfers am Tag 3?<\/strong><\/h3>\n<p>Auch wenn es <strong>eine h\u00e4ufig verwendete Techink<\/strong> ist, trauen sich nicht alle Labore diese Art der Kuyltivierung zu empfehlen. Die Erfahrung der Embryologen, Qualit\u00e4tskontrollen und verwendetetn Technologie sind die Faktoren die am Ende den Erfolg des Labors bestimmen.<\/p>\n<p>Falls Sie eine Kinderwunsch Behandlung in Spanien interessiert, Sie aber nicht wissen wo Sie beginnen sollen und welche Rolle die Embryologie spielt, vereinbaren wir gerne mit Ihren ein <strong>erstes kostenloses Gespr\u00e4ch mit unseren Spezialisten<\/strong>. Diese werden sich Ihren Fall genau ansehen und Sie zu den Behandlungsm\u00f6glichkeiten beraten.&nbsp;<a href=\"https:\/\/urvistahermosa.com\/de\/erster-besuch\/\">Hier erreichen Sie uns.<\/a><\/p>\n<p>&nbsp;<\/p>\n","protected":false},"excerpt":{"rendered":"<p>Interview mit Dr Juan Manuel Moreno, Labordirektor der Einheit f\u00fcr Reproduktionsmedizin UR Vistahermosa Alicante und Koordinator der Abteilung f\u00fcr Embryologie der Gruppe UR. Was ist eine Blastozystenkultur? Bei einer In-Vitro-Fertilisationsbehandlung (IVF) besteht die Blastozystenkultur darin, die Embryonen bis zum 5. oder 6. Tag ihrer Entwicklung im Embryologie-Labor zu \u00fcberwachen, um den Embryo mit der gr\u00f6\u00dften [&hellip;]<\/p>\n","protected":false},"author":8,"featured_media":14553,"comment_status":"open","ping_status":"open","sticky":false,"template":"","format":"standard","meta":{"_acf_changed":false,"footnotes":""},"categories":[9],"tags":[],"class_list":["post-14333","post","type-post","status-publish","format-standard","has-post-thumbnail","hentry","category-presse"],"acf":[],"yoast_head":"<!-- This site is optimized with the Yoast SEO plugin v27.5 - https:\/\/yoast.com\/product\/yoast-seo-wordpress\/ -->\n<title>Interview mit dem Labordirektor und Koordinator der Embryologie der UR Vistahermosa Alicante - UR International DE<\/title>\n<meta name=\"description\" content=\"Der Labordirektor und Koordinator der Embryologie der UR Vistahermosa Alicante beantwortet die h\u00e4ufigsten Fragen unserer Patienten.\" \/>\n<meta name=\"robots\" content=\"index, follow, max-snippet:-1, max-image-preview:large, max-video-preview:-1\" \/>\n<link rel=\"canonical\" href=\"https:\/\/urvistahermosainternational.com\/de\/2021\/11\/15\/interview-laborleiter-und-direktor-der-embryologie\/\" \/>\n<meta property=\"og:locale\" content=\"de_DE\" \/>\n<meta property=\"og:type\" content=\"article\" \/>\n<meta property=\"og:title\" content=\"Interview mit dem Labordirektor und Koordinator der Embryologie der UR Vistahermosa Alicante - UR International DE\" \/>\n<meta property=\"og:description\" content=\"Der Labordirektor und Koordinator der Embryologie der UR Vistahermosa Alicante beantwortet die h\u00e4ufigsten Fragen unserer Patienten.\" \/>\n<meta property=\"og:url\" content=\"https:\/\/urvistahermosainternational.com\/de\/2021\/11\/15\/interview-laborleiter-und-direktor-der-embryologie\/\" \/>\n<meta property=\"og:site_name\" content=\"UR International DE\" \/>\n<meta property=\"article:published_time\" content=\"2021-11-15T20:34:08+00:00\" \/>\n<meta property=\"article:modified_time\" content=\"2022-03-02T14:09:19+00:00\" \/>\n<meta property=\"og:image\" content=\"https:\/\/urvistahermosainternational.com\/de\/wp-content\/uploads\/sites\/4\/2021\/11\/dr-juan-manuel-moreno-vistahermosa.jpg\" \/>\n\t<meta property=\"og:image:width\" content=\"1800\" \/>\n\t<meta property=\"og:image:height\" content=\"1200\" \/>\n\t<meta property=\"og:image:type\" content=\"image\/jpeg\" \/>\n<meta name=\"author\" content=\"alemania\" \/>\n<meta name=\"twitter:card\" content=\"summary_large_image\" \/>\n<meta name=\"twitter:label1\" content=\"Verfasst von\" \/>\n\t<meta name=\"twitter:data1\" content=\"alemania\" \/>\n\t<meta name=\"twitter:label2\" content=\"Gesch\u00e4tzte Lesezeit\" \/>\n\t<meta name=\"twitter:data2\" content=\"3\u00a0Minuten\" \/>\n<script type=\"application\/ld+json\" class=\"yoast-schema-graph\">{\"@context\":\"https:\\\/\\\/schema.org\",\"@graph\":[{\"@type\":\"Article\",\"@id\":\"https:\\\/\\\/urvistahermosainternational.com\\\/de\\\/2021\\\/11\\\/15\\\/interview-laborleiter-und-direktor-der-embryologie\\\/#article\",\"isPartOf\":{\"@id\":\"https:\\\/\\\/urvistahermosainternational.com\\\/de\\\/2021\\\/11\\\/15\\\/interview-laborleiter-und-direktor-der-embryologie\\\/\"},\"author\":{\"name\":\"alemania\",\"@id\":\"https:\\\/\\\/urvistahermosainternational.com\\\/de\\\/#\\\/schema\\\/person\\\/87e2e47a99c4b21a481ef5a7617149e2\"},\"headline\":\"Interview mit dem Labordirektor und Koordinator der Embryologie der UR Vistahermosa Alicante\",\"datePublished\":\"2021-11-15T20:34:08+00:00\",\"dateModified\":\"2022-03-02T14:09:19+00:00\",\"mainEntityOfPage\":{\"@id\":\"https:\\\/\\\/urvistahermosainternational.com\\\/de\\\/2021\\\/11\\\/15\\\/interview-laborleiter-und-direktor-der-embryologie\\\/\"},\"wordCount\":514,\"commentCount\":0,\"image\":{\"@id\":\"https:\\\/\\\/urvistahermosainternational.com\\\/de\\\/2021\\\/11\\\/15\\\/interview-laborleiter-und-direktor-der-embryologie\\\/#primaryimage\"},\"thumbnailUrl\":\"https:\\\/\\\/urvistahermosainternational.com\\\/de\\\/wp-content\\\/uploads\\\/sites\\\/4\\\/2021\\\/11\\\/dr-juan-manuel-moreno-vistahermosa.jpg\",\"articleSection\":[\"Presse\"],\"inLanguage\":\"de\",\"potentialAction\":[{\"@type\":\"CommentAction\",\"name\":\"Comment\",\"target\":[\"https:\\\/\\\/urvistahermosainternational.com\\\/de\\\/2021\\\/11\\\/15\\\/interview-laborleiter-und-direktor-der-embryologie\\\/#respond\"]}]},{\"@type\":\"WebPage\",\"@id\":\"https:\\\/\\\/urvistahermosainternational.com\\\/de\\\/2021\\\/11\\\/15\\\/interview-laborleiter-und-direktor-der-embryologie\\\/\",\"url\":\"https:\\\/\\\/urvistahermosainternational.com\\\/de\\\/2021\\\/11\\\/15\\\/interview-laborleiter-und-direktor-der-embryologie\\\/\",\"name\":\"Interview mit dem Labordirektor und Koordinator der Embryologie der UR Vistahermosa Alicante - UR International DE\",\"isPartOf\":{\"@id\":\"https:\\\/\\\/urvistahermosainternational.com\\\/de\\\/#website\"},\"primaryImageOfPage\":{\"@id\":\"https:\\\/\\\/urvistahermosainternational.com\\\/de\\\/2021\\\/11\\\/15\\\/interview-laborleiter-und-direktor-der-embryologie\\\/#primaryimage\"},\"image\":{\"@id\":\"https:\\\/\\\/urvistahermosainternational.com\\\/de\\\/2021\\\/11\\\/15\\\/interview-laborleiter-und-direktor-der-embryologie\\\/#primaryimage\"},\"thumbnailUrl\":\"https:\\\/\\\/urvistahermosainternational.com\\\/de\\\/wp-content\\\/uploads\\\/sites\\\/4\\\/2021\\\/11\\\/dr-juan-manuel-moreno-vistahermosa.jpg\",\"datePublished\":\"2021-11-15T20:34:08+00:00\",\"dateModified\":\"2022-03-02T14:09:19+00:00\",\"author\":{\"@id\":\"https:\\\/\\\/urvistahermosainternational.com\\\/de\\\/#\\\/schema\\\/person\\\/87e2e47a99c4b21a481ef5a7617149e2\"},\"description\":\"Der Labordirektor und Koordinator der Embryologie der UR Vistahermosa Alicante beantwortet die h\u00e4ufigsten Fragen unserer Patienten.\",\"breadcrumb\":{\"@id\":\"https:\\\/\\\/urvistahermosainternational.com\\\/de\\\/2021\\\/11\\\/15\\\/interview-laborleiter-und-direktor-der-embryologie\\\/#breadcrumb\"},\"inLanguage\":\"de\",\"potentialAction\":[{\"@type\":\"ReadAction\",\"target\":[\"https:\\\/\\\/urvistahermosainternational.com\\\/de\\\/2021\\\/11\\\/15\\\/interview-laborleiter-und-direktor-der-embryologie\\\/\"]}]},{\"@type\":\"ImageObject\",\"inLanguage\":\"de\",\"@id\":\"https:\\\/\\\/urvistahermosainternational.com\\\/de\\\/2021\\\/11\\\/15\\\/interview-laborleiter-und-direktor-der-embryologie\\\/#primaryimage\",\"url\":\"https:\\\/\\\/urvistahermosainternational.com\\\/de\\\/wp-content\\\/uploads\\\/sites\\\/4\\\/2021\\\/11\\\/dr-juan-manuel-moreno-vistahermosa.jpg\",\"contentUrl\":\"https:\\\/\\\/urvistahermosainternational.com\\\/de\\\/wp-content\\\/uploads\\\/sites\\\/4\\\/2021\\\/11\\\/dr-juan-manuel-moreno-vistahermosa.jpg\",\"width\":1800,\"height\":1200},{\"@type\":\"BreadcrumbList\",\"@id\":\"https:\\\/\\\/urvistahermosainternational.com\\\/de\\\/2021\\\/11\\\/15\\\/interview-laborleiter-und-direktor-der-embryologie\\\/#breadcrumb\",\"itemListElement\":[{\"@type\":\"ListItem\",\"position\":1,\"name\":\"Home\",\"item\":\"https:\\\/\\\/urvistahermosainternational.com\\\/de\\\/\"},{\"@type\":\"ListItem\",\"position\":2,\"name\":\"Interview mit dem Labordirektor und Koordinator der Embryologie der UR Vistahermosa Alicante\"}]},{\"@type\":\"WebSite\",\"@id\":\"https:\\\/\\\/urvistahermosainternational.com\\\/de\\\/#website\",\"url\":\"https:\\\/\\\/urvistahermosainternational.com\\\/de\\\/\",\"name\":\"UR International DE\",\"description\":\"Otro sitio m\u00e1s de UR sitios\",\"potentialAction\":[{\"@type\":\"SearchAction\",\"target\":{\"@type\":\"EntryPoint\",\"urlTemplate\":\"https:\\\/\\\/urvistahermosainternational.com\\\/de\\\/?s={search_term_string}\"},\"query-input\":{\"@type\":\"PropertyValueSpecification\",\"valueRequired\":true,\"valueName\":\"search_term_string\"}}],\"inLanguage\":\"de\"},{\"@type\":\"Person\",\"@id\":\"https:\\\/\\\/urvistahermosainternational.com\\\/de\\\/#\\\/schema\\\/person\\\/87e2e47a99c4b21a481ef5a7617149e2\",\"name\":\"alemania\",\"image\":{\"@type\":\"ImageObject\",\"inLanguage\":\"de\",\"@id\":\"https:\\\/\\\/secure.gravatar.com\\\/avatar\\\/e994f9b5066d0a9c62b9825eb7a33148e72e99cb1e0b2e95acb2ad0ce078ebc0?s=96&d=mm&r=g\",\"url\":\"https:\\\/\\\/secure.gravatar.com\\\/avatar\\\/e994f9b5066d0a9c62b9825eb7a33148e72e99cb1e0b2e95acb2ad0ce078ebc0?s=96&d=mm&r=g\",\"contentUrl\":\"https:\\\/\\\/secure.gravatar.com\\\/avatar\\\/e994f9b5066d0a9c62b9825eb7a33148e72e99cb1e0b2e95acb2ad0ce078ebc0?s=96&d=mm&r=g\",\"caption\":\"alemania\"},\"url\":\"https:\\\/\\\/urvistahermosainternational.com\\\/de\\\/author\\\/alemania\\\/\"}]}<\/script>\n<!-- \/ Yoast SEO plugin. -->","yoast_head_json":{"title":"Interview mit dem Labordirektor und Koordinator der Embryologie der UR Vistahermosa Alicante - UR International DE","description":"Der Labordirektor und Koordinator der Embryologie der UR Vistahermosa Alicante beantwortet die h\u00e4ufigsten Fragen unserer Patienten.","robots":{"index":"index","follow":"follow","max-snippet":"max-snippet:-1","max-image-preview":"max-image-preview:large","max-video-preview":"max-video-preview:-1"},"canonical":"https:\/\/urvistahermosainternational.com\/de\/2021\/11\/15\/interview-laborleiter-und-direktor-der-embryologie\/","og_locale":"de_DE","og_type":"article","og_title":"Interview mit dem Labordirektor und Koordinator der Embryologie der UR Vistahermosa Alicante - UR International DE","og_description":"Der Labordirektor und Koordinator der Embryologie der UR Vistahermosa Alicante beantwortet die h\u00e4ufigsten Fragen unserer Patienten.","og_url":"https:\/\/urvistahermosainternational.com\/de\/2021\/11\/15\/interview-laborleiter-und-direktor-der-embryologie\/","og_site_name":"UR International DE","article_published_time":"2021-11-15T20:34:08+00:00","article_modified_time":"2022-03-02T14:09:19+00:00","og_image":[{"width":1800,"height":1200,"url":"https:\/\/urvistahermosainternational.com\/de\/wp-content\/uploads\/sites\/4\/2021\/11\/dr-juan-manuel-moreno-vistahermosa.jpg","type":"image\/jpeg"}],"author":"alemania","twitter_card":"summary_large_image","twitter_misc":{"Verfasst von":"alemania","Gesch\u00e4tzte Lesezeit":"3\u00a0Minuten"},"schema":{"@context":"https:\/\/schema.org","@graph":[{"@type":"Article","@id":"https:\/\/urvistahermosainternational.com\/de\/2021\/11\/15\/interview-laborleiter-und-direktor-der-embryologie\/#article","isPartOf":{"@id":"https:\/\/urvistahermosainternational.com\/de\/2021\/11\/15\/interview-laborleiter-und-direktor-der-embryologie\/"},"author":{"name":"alemania","@id":"https:\/\/urvistahermosainternational.com\/de\/#\/schema\/person\/87e2e47a99c4b21a481ef5a7617149e2"},"headline":"Interview mit dem Labordirektor und Koordinator der Embryologie der UR Vistahermosa Alicante","datePublished":"2021-11-15T20:34:08+00:00","dateModified":"2022-03-02T14:09:19+00:00","mainEntityOfPage":{"@id":"https:\/\/urvistahermosainternational.com\/de\/2021\/11\/15\/interview-laborleiter-und-direktor-der-embryologie\/"},"wordCount":514,"commentCount":0,"image":{"@id":"https:\/\/urvistahermosainternational.com\/de\/2021\/11\/15\/interview-laborleiter-und-direktor-der-embryologie\/#primaryimage"},"thumbnailUrl":"https:\/\/urvistahermosainternational.com\/de\/wp-content\/uploads\/sites\/4\/2021\/11\/dr-juan-manuel-moreno-vistahermosa.jpg","articleSection":["Presse"],"inLanguage":"de","potentialAction":[{"@type":"CommentAction","name":"Comment","target":["https:\/\/urvistahermosainternational.com\/de\/2021\/11\/15\/interview-laborleiter-und-direktor-der-embryologie\/#respond"]}]},{"@type":"WebPage","@id":"https:\/\/urvistahermosainternational.com\/de\/2021\/11\/15\/interview-laborleiter-und-direktor-der-embryologie\/","url":"https:\/\/urvistahermosainternational.com\/de\/2021\/11\/15\/interview-laborleiter-und-direktor-der-embryologie\/","name":"Interview mit dem Labordirektor und Koordinator der Embryologie der UR Vistahermosa Alicante - UR International DE","isPartOf":{"@id":"https:\/\/urvistahermosainternational.com\/de\/#website"},"primaryImageOfPage":{"@id":"https:\/\/urvistahermosainternational.com\/de\/2021\/11\/15\/interview-laborleiter-und-direktor-der-embryologie\/#primaryimage"},"image":{"@id":"https:\/\/urvistahermosainternational.com\/de\/2021\/11\/15\/interview-laborleiter-und-direktor-der-embryologie\/#primaryimage"},"thumbnailUrl":"https:\/\/urvistahermosainternational.com\/de\/wp-content\/uploads\/sites\/4\/2021\/11\/dr-juan-manuel-moreno-vistahermosa.jpg","datePublished":"2021-11-15T20:34:08+00:00","dateModified":"2022-03-02T14:09:19+00:00","author":{"@id":"https:\/\/urvistahermosainternational.com\/de\/#\/schema\/person\/87e2e47a99c4b21a481ef5a7617149e2"},"description":"Der Labordirektor und Koordinator der Embryologie der UR Vistahermosa Alicante beantwortet die h\u00e4ufigsten Fragen unserer Patienten.","breadcrumb":{"@id":"https:\/\/urvistahermosainternational.com\/de\/2021\/11\/15\/interview-laborleiter-und-direktor-der-embryologie\/#breadcrumb"},"inLanguage":"de","potentialAction":[{"@type":"ReadAction","target":["https:\/\/urvistahermosainternational.com\/de\/2021\/11\/15\/interview-laborleiter-und-direktor-der-embryologie\/"]}]},{"@type":"ImageObject","inLanguage":"de","@id":"https:\/\/urvistahermosainternational.com\/de\/2021\/11\/15\/interview-laborleiter-und-direktor-der-embryologie\/#primaryimage","url":"https:\/\/urvistahermosainternational.com\/de\/wp-content\/uploads\/sites\/4\/2021\/11\/dr-juan-manuel-moreno-vistahermosa.jpg","contentUrl":"https:\/\/urvistahermosainternational.com\/de\/wp-content\/uploads\/sites\/4\/2021\/11\/dr-juan-manuel-moreno-vistahermosa.jpg","width":1800,"height":1200},{"@type":"BreadcrumbList","@id":"https:\/\/urvistahermosainternational.com\/de\/2021\/11\/15\/interview-laborleiter-und-direktor-der-embryologie\/#breadcrumb","itemListElement":[{"@type":"ListItem","position":1,"name":"Home","item":"https:\/\/urvistahermosainternational.com\/de\/"},{"@type":"ListItem","position":2,"name":"Interview mit dem Labordirektor und Koordinator der Embryologie der UR Vistahermosa Alicante"}]},{"@type":"WebSite","@id":"https:\/\/urvistahermosainternational.com\/de\/#website","url":"https:\/\/urvistahermosainternational.com\/de\/","name":"UR International DE","description":"Otro sitio m\u00e1s de UR sitios","potentialAction":[{"@type":"SearchAction","target":{"@type":"EntryPoint","urlTemplate":"https:\/\/urvistahermosainternational.com\/de\/?s={search_term_string}"},"query-input":{"@type":"PropertyValueSpecification","valueRequired":true,"valueName":"search_term_string"}}],"inLanguage":"de"},{"@type":"Person","@id":"https:\/\/urvistahermosainternational.com\/de\/#\/schema\/person\/87e2e47a99c4b21a481ef5a7617149e2","name":"alemania","image":{"@type":"ImageObject","inLanguage":"de","@id":"https:\/\/secure.gravatar.com\/avatar\/e994f9b5066d0a9c62b9825eb7a33148e72e99cb1e0b2e95acb2ad0ce078ebc0?s=96&d=mm&r=g","url":"https:\/\/secure.gravatar.com\/avatar\/e994f9b5066d0a9c62b9825eb7a33148e72e99cb1e0b2e95acb2ad0ce078ebc0?s=96&d=mm&r=g","contentUrl":"https:\/\/secure.gravatar.com\/avatar\/e994f9b5066d0a9c62b9825eb7a33148e72e99cb1e0b2e95acb2ad0ce078ebc0?s=96&d=mm&r=g","caption":"alemania"},"url":"https:\/\/urvistahermosainternational.com\/de\/author\/alemania\/"}]}},"_links":{"self":[{"href":"https:\/\/urvistahermosainternational.com\/de\/wp-json\/wp\/v2\/posts\/14333","targetHints":{"allow":["GET"]}}],"collection":[{"href":"https:\/\/urvistahermosainternational.com\/de\/wp-json\/wp\/v2\/posts"}],"about":[{"href":"https:\/\/urvistahermosainternational.com\/de\/wp-json\/wp\/v2\/types\/post"}],"author":[{"embeddable":true,"href":"https:\/\/urvistahermosainternational.com\/de\/wp-json\/wp\/v2\/users\/8"}],"replies":[{"embeddable":true,"href":"https:\/\/urvistahermosainternational.com\/de\/wp-json\/wp\/v2\/comments?post=14333"}],"version-history":[{"count":1,"href":"https:\/\/urvistahermosainternational.com\/de\/wp-json\/wp\/v2\/posts\/14333\/revisions"}],"predecessor-version":[{"id":14554,"href":"https:\/\/urvistahermosainternational.com\/de\/wp-json\/wp\/v2\/posts\/14333\/revisions\/14554"}],"wp:featuredmedia":[{"embeddable":true,"href":"https:\/\/urvistahermosainternational.com\/de\/wp-json\/wp\/v2\/media\/14553"}],"wp:attachment":[{"href":"https:\/\/urvistahermosainternational.com\/de\/wp-json\/wp\/v2\/media?parent=14333"}],"wp:term":[{"taxonomy":"category","embeddable":true,"href":"https:\/\/urvistahermosainternational.com\/de\/wp-json\/wp\/v2\/categories?post=14333"},{"taxonomy":"post_tag","embeddable":true,"href":"https:\/\/urvistahermosainternational.com\/de\/wp-json\/wp\/v2\/tags?post=14333"}],"curies":[{"name":"wp","href":"https:\/\/api.w.org\/{rel}","templated":true}]}}