{"id":14186,"date":"2021-06-01T11:10:09","date_gmt":"2021-06-01T09:10:09","guid":{"rendered":"https:\/\/urvistahermosa.com\/de\/?p=14186"},"modified":"2022-03-02T14:11:41","modified_gmt":"2022-03-02T14:11:41","slug":"zum-dritten-mal-in-folge-wurde-die-hla-vistahermosa-als-bestes-privatkrankenhaus-in-alicante-ausgezeichnet","status":"publish","type":"post","link":"https:\/\/urvistahermosainternational.com\/de\/2021\/06\/01\/zum-dritten-mal-in-folge-wurde-die-hla-vistahermosa-als-bestes-privatkrankenhaus-in-alicante-ausgezeichnet\/","title":{"rendered":"Zum dritten Mal in Folge wurde die HLA Vistahermosa als bestes Privatkrankenhaus in Alicante ausgezeichnet"},"content":{"rendered":"<p><b>Noticia:<\/b> Nach den Anerkennungen von 2018 und 2019 in der siebten Ausgabe des (MRS) von Merco wurde die HLA Klinik Vistahermosa erneut zur besten Privatklinik in Alicante gew\u00e4hlt.<\/p>\n<p>Im letzten Jahr, das wegen der Pandemie so hart und schwierig war, besonders f\u00fcr den medizinisch-gesundheitlichen Sektor, w\u00fcrdigt diese neue Anerkennung das Engagement f\u00fcr eine gut gemachte Arbeit und die kontinuierliche Suche nach gesundheitlicher Exzellenz, immer mit dem Gedanken an den Patienten, in der besten personalisierten Pflege und mit den besten menschlichen und technologischen Ressourcen in allen Spezialgebieten.<\/p>\n<p>Die Reproduktionseinheit der HLA Vistahermosa, die kurz nach Beginn der Coronavirus-Krise Anfang 2020 ihre neuen R\u00e4umlichkeiten im Hauptgeschoss der Klinik er\u00f6ffnete, ist als eine der Referenzeinheiten in die HLA Vistahermosa integriert und teilt mit dem Zentrum die Kriterien Qualit\u00e4t, Pflege, Service und enorme Zufriedenheit der Patienten, da sie der Hauptsitz der UR International Group mit 13 weiteren Einheiten in den wichtigsten Provinzen Spaniens und 2 Reproduktionszentren in S\u00fcdamerika, in Mexiko und Nicaragua, ist.<\/p>\n<p>In dem Bestreben, alle Bed\u00fcrfnisse der Patienten in allen Bereichen global und f\u00fcr den Anwender optimal abzudecken, ist die HLA Vistahermosa Reproduktionseinheit, wie auch die anderen Reproduktionseinheiten der UR-Gruppe, seit jeher in die besten Kliniken und Krankenh\u00e4user der HLA Hospital Group integriert.<\/p>\n","protected":false},"excerpt":{"rendered":"<p>Noticia: Nach den Anerkennungen von 2018 und 2019 in der siebten Ausgabe des (MRS) von Merco wurde die HLA Klinik Vistahermosa erneut zur besten Privatklinik in Alicante gew\u00e4hlt. Im letzten Jahr, das wegen der Pandemie so hart und schwierig war, besonders f\u00fcr den medizinisch-gesundheitlichen Sektor, w\u00fcrdigt diese neue Anerkennung das Engagement f\u00fcr eine gut gemachte [&hellip;]<\/p>\n","protected":false},"author":1,"featured_media":14563,"comment_status":"open","ping_status":"open","sticky":false,"template":"","format":"standard","meta":{"_acf_changed":false,"footnotes":""},"categories":[9],"tags":[],"class_list":["post-14186","post","type-post","status-publish","format-standard","has-post-thumbnail","hentry","category-presse"],"acf":[],"yoast_head":"<!-- This site is optimized with the Yoast SEO plugin v27.5 - https:\/\/yoast.com\/product\/yoast-seo-wordpress\/ -->\n<title>Zum dritten Mal in Folge wurde die HLA Vistahermosa als bestes Privatkrankenhaus in Alicante ausgezeichnet - UR International DE<\/title>\n<meta name=\"robots\" content=\"index, follow, max-snippet:-1, max-image-preview:large, max-video-preview:-1\" \/>\n<link rel=\"canonical\" href=\"https:\/\/urvistahermosainternational.com\/de\/2021\/06\/01\/zum-dritten-mal-in-folge-wurde-die-hla-vistahermosa-als-bestes-privatkrankenhaus-in-alicante-ausgezeichnet\/\" \/>\n<meta property=\"og:locale\" content=\"de_DE\" \/>\n<meta property=\"og:type\" content=\"article\" \/>\n<meta property=\"og:title\" content=\"Zum dritten Mal in Folge wurde die HLA Vistahermosa als bestes Privatkrankenhaus in Alicante ausgezeichnet - UR International DE\" \/>\n<meta property=\"og:description\" content=\"Noticia: Nach den Anerkennungen von 2018 und 2019 in der siebten Ausgabe des (MRS) von Merco wurde die HLA Klinik Vistahermosa erneut zur besten Privatklinik in Alicante gew\u00e4hlt. Im letzten Jahr, das wegen der Pandemie so hart und schwierig war, besonders f\u00fcr den medizinisch-gesundheitlichen Sektor, w\u00fcrdigt diese neue Anerkennung das Engagement f\u00fcr eine gut gemachte [&hellip;]\" \/>\n<meta property=\"og:url\" content=\"https:\/\/urvistahermosainternational.com\/de\/2021\/06\/01\/zum-dritten-mal-in-folge-wurde-die-hla-vistahermosa-als-bestes-privatkrankenhaus-in-alicante-ausgezeichnet\/\" \/>\n<meta property=\"og:site_name\" content=\"UR International DE\" \/>\n<meta property=\"article:published_time\" content=\"2021-06-01T09:10:09+00:00\" \/>\n<meta property=\"article:modified_time\" content=\"2022-03-02T14:11:41+00:00\" \/>\n<meta property=\"og:image\" content=\"https:\/\/urvistahermosainternational.com\/de\/wp-content\/uploads\/sites\/4\/2021\/06\/HLA-Vistahermosa_UR-Vistahermosa-mayo-2021.jpg\" \/>\n\t<meta property=\"og:image:width\" content=\"1800\" \/>\n\t<meta property=\"og:image:height\" content=\"1200\" \/>\n\t<meta property=\"og:image:type\" content=\"image\/jpeg\" \/>\n<meta name=\"author\" content=\"mespi_wz3o8t8p\" \/>\n<meta name=\"twitter:card\" content=\"summary_large_image\" \/>\n<meta name=\"twitter:label1\" content=\"Verfasst von\" \/>\n\t<meta name=\"twitter:data1\" content=\"mespi_wz3o8t8p\" \/>\n\t<meta name=\"twitter:label2\" content=\"Gesch\u00e4tzte Lesezeit\" \/>\n\t<meta name=\"twitter:data2\" content=\"2\u00a0Minuten\" \/>\n<script type=\"application\/ld+json\" class=\"yoast-schema-graph\">{\"@context\":\"https:\\\/\\\/schema.org\",\"@graph\":[{\"@type\":\"Article\",\"@id\":\"https:\\\/\\\/urvistahermosainternational.com\\\/de\\\/2021\\\/06\\\/01\\\/zum-dritten-mal-in-folge-wurde-die-hla-vistahermosa-als-bestes-privatkrankenhaus-in-alicante-ausgezeichnet\\\/#article\",\"isPartOf\":{\"@id\":\"https:\\\/\\\/urvistahermosainternational.com\\\/de\\\/2021\\\/06\\\/01\\\/zum-dritten-mal-in-folge-wurde-die-hla-vistahermosa-als-bestes-privatkrankenhaus-in-alicante-ausgezeichnet\\\/\"},\"author\":{\"name\":\"mespi_wz3o8t8p\",\"@id\":\"https:\\\/\\\/urvistahermosainternational.com\\\/de\\\/#\\\/schema\\\/person\\\/ccf8d0f6ec028fe57c5e91856fef6459\"},\"headline\":\"Zum dritten Mal in Folge wurde die HLA Vistahermosa als bestes Privatkrankenhaus in Alicante ausgezeichnet\",\"datePublished\":\"2021-06-01T09:10:09+00:00\",\"dateModified\":\"2022-03-02T14:11:41+00:00\",\"mainEntityOfPage\":{\"@id\":\"https:\\\/\\\/urvistahermosainternational.com\\\/de\\\/2021\\\/06\\\/01\\\/zum-dritten-mal-in-folge-wurde-die-hla-vistahermosa-als-bestes-privatkrankenhaus-in-alicante-ausgezeichnet\\\/\"},\"wordCount\":222,\"commentCount\":0,\"image\":{\"@id\":\"https:\\\/\\\/urvistahermosainternational.com\\\/de\\\/2021\\\/06\\\/01\\\/zum-dritten-mal-in-folge-wurde-die-hla-vistahermosa-als-bestes-privatkrankenhaus-in-alicante-ausgezeichnet\\\/#primaryimage\"},\"thumbnailUrl\":\"https:\\\/\\\/urvistahermosainternational.com\\\/de\\\/wp-content\\\/uploads\\\/sites\\\/4\\\/2021\\\/06\\\/HLA-Vistahermosa_UR-Vistahermosa-mayo-2021.jpg\",\"articleSection\":[\"Presse\"],\"inLanguage\":\"de\",\"potentialAction\":[{\"@type\":\"CommentAction\",\"name\":\"Comment\",\"target\":[\"https:\\\/\\\/urvistahermosainternational.com\\\/de\\\/2021\\\/06\\\/01\\\/zum-dritten-mal-in-folge-wurde-die-hla-vistahermosa-als-bestes-privatkrankenhaus-in-alicante-ausgezeichnet\\\/#respond\"]}]},{\"@type\":\"WebPage\",\"@id\":\"https:\\\/\\\/urvistahermosainternational.com\\\/de\\\/2021\\\/06\\\/01\\\/zum-dritten-mal-in-folge-wurde-die-hla-vistahermosa-als-bestes-privatkrankenhaus-in-alicante-ausgezeichnet\\\/\",\"url\":\"https:\\\/\\\/urvistahermosainternational.com\\\/de\\\/2021\\\/06\\\/01\\\/zum-dritten-mal-in-folge-wurde-die-hla-vistahermosa-als-bestes-privatkrankenhaus-in-alicante-ausgezeichnet\\\/\",\"name\":\"Zum dritten Mal in Folge wurde die HLA Vistahermosa als bestes Privatkrankenhaus in Alicante ausgezeichnet - UR International DE\",\"isPartOf\":{\"@id\":\"https:\\\/\\\/urvistahermosainternational.com\\\/de\\\/#website\"},\"primaryImageOfPage\":{\"@id\":\"https:\\\/\\\/urvistahermosainternational.com\\\/de\\\/2021\\\/06\\\/01\\\/zum-dritten-mal-in-folge-wurde-die-hla-vistahermosa-als-bestes-privatkrankenhaus-in-alicante-ausgezeichnet\\\/#primaryimage\"},\"image\":{\"@id\":\"https:\\\/\\\/urvistahermosainternational.com\\\/de\\\/2021\\\/06\\\/01\\\/zum-dritten-mal-in-folge-wurde-die-hla-vistahermosa-als-bestes-privatkrankenhaus-in-alicante-ausgezeichnet\\\/#primaryimage\"},\"thumbnailUrl\":\"https:\\\/\\\/urvistahermosainternational.com\\\/de\\\/wp-content\\\/uploads\\\/sites\\\/4\\\/2021\\\/06\\\/HLA-Vistahermosa_UR-Vistahermosa-mayo-2021.jpg\",\"datePublished\":\"2021-06-01T09:10:09+00:00\",\"dateModified\":\"2022-03-02T14:11:41+00:00\",\"author\":{\"@id\":\"https:\\\/\\\/urvistahermosainternational.com\\\/de\\\/#\\\/schema\\\/person\\\/ccf8d0f6ec028fe57c5e91856fef6459\"},\"breadcrumb\":{\"@id\":\"https:\\\/\\\/urvistahermosainternational.com\\\/de\\\/2021\\\/06\\\/01\\\/zum-dritten-mal-in-folge-wurde-die-hla-vistahermosa-als-bestes-privatkrankenhaus-in-alicante-ausgezeichnet\\\/#breadcrumb\"},\"inLanguage\":\"de\",\"potentialAction\":[{\"@type\":\"ReadAction\",\"target\":[\"https:\\\/\\\/urvistahermosainternational.com\\\/de\\\/2021\\\/06\\\/01\\\/zum-dritten-mal-in-folge-wurde-die-hla-vistahermosa-als-bestes-privatkrankenhaus-in-alicante-ausgezeichnet\\\/\"]}]},{\"@type\":\"ImageObject\",\"inLanguage\":\"de\",\"@id\":\"https:\\\/\\\/urvistahermosainternational.com\\\/de\\\/2021\\\/06\\\/01\\\/zum-dritten-mal-in-folge-wurde-die-hla-vistahermosa-als-bestes-privatkrankenhaus-in-alicante-ausgezeichnet\\\/#primaryimage\",\"url\":\"https:\\\/\\\/urvistahermosainternational.com\\\/de\\\/wp-content\\\/uploads\\\/sites\\\/4\\\/2021\\\/06\\\/HLA-Vistahermosa_UR-Vistahermosa-mayo-2021.jpg\",\"contentUrl\":\"https:\\\/\\\/urvistahermosainternational.com\\\/de\\\/wp-content\\\/uploads\\\/sites\\\/4\\\/2021\\\/06\\\/HLA-Vistahermosa_UR-Vistahermosa-mayo-2021.jpg\",\"width\":1800,\"height\":1200},{\"@type\":\"BreadcrumbList\",\"@id\":\"https:\\\/\\\/urvistahermosainternational.com\\\/de\\\/2021\\\/06\\\/01\\\/zum-dritten-mal-in-folge-wurde-die-hla-vistahermosa-als-bestes-privatkrankenhaus-in-alicante-ausgezeichnet\\\/#breadcrumb\",\"itemListElement\":[{\"@type\":\"ListItem\",\"position\":1,\"name\":\"Home\",\"item\":\"https:\\\/\\\/urvistahermosainternational.com\\\/de\\\/\"},{\"@type\":\"ListItem\",\"position\":2,\"name\":\"Zum dritten Mal in Folge wurde die HLA Vistahermosa als bestes Privatkrankenhaus in Alicante ausgezeichnet\"}]},{\"@type\":\"WebSite\",\"@id\":\"https:\\\/\\\/urvistahermosainternational.com\\\/de\\\/#website\",\"url\":\"https:\\\/\\\/urvistahermosainternational.com\\\/de\\\/\",\"name\":\"UR International DE\",\"description\":\"Otro sitio m\u00e1s de UR sitios\",\"potentialAction\":[{\"@type\":\"SearchAction\",\"target\":{\"@type\":\"EntryPoint\",\"urlTemplate\":\"https:\\\/\\\/urvistahermosainternational.com\\\/de\\\/?s={search_term_string}\"},\"query-input\":{\"@type\":\"PropertyValueSpecification\",\"valueRequired\":true,\"valueName\":\"search_term_string\"}}],\"inLanguage\":\"de\"},{\"@type\":\"Person\",\"@id\":\"https:\\\/\\\/urvistahermosainternational.com\\\/de\\\/#\\\/schema\\\/person\\\/ccf8d0f6ec028fe57c5e91856fef6459\",\"name\":\"mespi_wz3o8t8p\",\"image\":{\"@type\":\"ImageObject\",\"inLanguage\":\"de\",\"@id\":\"https:\\\/\\\/secure.gravatar.com\\\/avatar\\\/4e3586102b4dfd66d137e2d59c8049bfe057dc7f6809117962f9d0f14eaace33?s=96&d=mm&r=g\",\"url\":\"https:\\\/\\\/secure.gravatar.com\\\/avatar\\\/4e3586102b4dfd66d137e2d59c8049bfe057dc7f6809117962f9d0f14eaace33?s=96&d=mm&r=g\",\"contentUrl\":\"https:\\\/\\\/secure.gravatar.com\\\/avatar\\\/4e3586102b4dfd66d137e2d59c8049bfe057dc7f6809117962f9d0f14eaace33?s=96&d=mm&r=g\",\"caption\":\"mespi_wz3o8t8p\"},\"url\":\"https:\\\/\\\/urvistahermosainternational.com\\\/de\\\/author\\\/mespi_wz3o8t8p\\\/\"}]}<\/script>\n<!-- \/ Yoast SEO plugin. -->","yoast_head_json":{"title":"Zum dritten Mal in Folge wurde die HLA Vistahermosa als bestes Privatkrankenhaus in Alicante ausgezeichnet - UR International DE","robots":{"index":"index","follow":"follow","max-snippet":"max-snippet:-1","max-image-preview":"max-image-preview:large","max-video-preview":"max-video-preview:-1"},"canonical":"https:\/\/urvistahermosainternational.com\/de\/2021\/06\/01\/zum-dritten-mal-in-folge-wurde-die-hla-vistahermosa-als-bestes-privatkrankenhaus-in-alicante-ausgezeichnet\/","og_locale":"de_DE","og_type":"article","og_title":"Zum dritten Mal in Folge wurde die HLA Vistahermosa als bestes Privatkrankenhaus in Alicante ausgezeichnet - UR International DE","og_description":"Noticia: Nach den Anerkennungen von 2018 und 2019 in der siebten Ausgabe des (MRS) von Merco wurde die HLA Klinik Vistahermosa erneut zur besten Privatklinik in Alicante gew\u00e4hlt. Im letzten Jahr, das wegen der Pandemie so hart und schwierig war, besonders f\u00fcr den medizinisch-gesundheitlichen Sektor, w\u00fcrdigt diese neue Anerkennung das Engagement f\u00fcr eine gut gemachte [&hellip;]","og_url":"https:\/\/urvistahermosainternational.com\/de\/2021\/06\/01\/zum-dritten-mal-in-folge-wurde-die-hla-vistahermosa-als-bestes-privatkrankenhaus-in-alicante-ausgezeichnet\/","og_site_name":"UR International DE","article_published_time":"2021-06-01T09:10:09+00:00","article_modified_time":"2022-03-02T14:11:41+00:00","og_image":[{"width":1800,"height":1200,"url":"https:\/\/urvistahermosainternational.com\/de\/wp-content\/uploads\/sites\/4\/2021\/06\/HLA-Vistahermosa_UR-Vistahermosa-mayo-2021.jpg","type":"image\/jpeg"}],"author":"mespi_wz3o8t8p","twitter_card":"summary_large_image","twitter_misc":{"Verfasst von":"mespi_wz3o8t8p","Gesch\u00e4tzte Lesezeit":"2\u00a0Minuten"},"schema":{"@context":"https:\/\/schema.org","@graph":[{"@type":"Article","@id":"https:\/\/urvistahermosainternational.com\/de\/2021\/06\/01\/zum-dritten-mal-in-folge-wurde-die-hla-vistahermosa-als-bestes-privatkrankenhaus-in-alicante-ausgezeichnet\/#article","isPartOf":{"@id":"https:\/\/urvistahermosainternational.com\/de\/2021\/06\/01\/zum-dritten-mal-in-folge-wurde-die-hla-vistahermosa-als-bestes-privatkrankenhaus-in-alicante-ausgezeichnet\/"},"author":{"name":"mespi_wz3o8t8p","@id":"https:\/\/urvistahermosainternational.com\/de\/#\/schema\/person\/ccf8d0f6ec028fe57c5e91856fef6459"},"headline":"Zum dritten Mal in Folge wurde die HLA Vistahermosa als bestes Privatkrankenhaus in Alicante ausgezeichnet","datePublished":"2021-06-01T09:10:09+00:00","dateModified":"2022-03-02T14:11:41+00:00","mainEntityOfPage":{"@id":"https:\/\/urvistahermosainternational.com\/de\/2021\/06\/01\/zum-dritten-mal-in-folge-wurde-die-hla-vistahermosa-als-bestes-privatkrankenhaus-in-alicante-ausgezeichnet\/"},"wordCount":222,"commentCount":0,"image":{"@id":"https:\/\/urvistahermosainternational.com\/de\/2021\/06\/01\/zum-dritten-mal-in-folge-wurde-die-hla-vistahermosa-als-bestes-privatkrankenhaus-in-alicante-ausgezeichnet\/#primaryimage"},"thumbnailUrl":"https:\/\/urvistahermosainternational.com\/de\/wp-content\/uploads\/sites\/4\/2021\/06\/HLA-Vistahermosa_UR-Vistahermosa-mayo-2021.jpg","articleSection":["Presse"],"inLanguage":"de","potentialAction":[{"@type":"CommentAction","name":"Comment","target":["https:\/\/urvistahermosainternational.com\/de\/2021\/06\/01\/zum-dritten-mal-in-folge-wurde-die-hla-vistahermosa-als-bestes-privatkrankenhaus-in-alicante-ausgezeichnet\/#respond"]}]},{"@type":"WebPage","@id":"https:\/\/urvistahermosainternational.com\/de\/2021\/06\/01\/zum-dritten-mal-in-folge-wurde-die-hla-vistahermosa-als-bestes-privatkrankenhaus-in-alicante-ausgezeichnet\/","url":"https:\/\/urvistahermosainternational.com\/de\/2021\/06\/01\/zum-dritten-mal-in-folge-wurde-die-hla-vistahermosa-als-bestes-privatkrankenhaus-in-alicante-ausgezeichnet\/","name":"Zum dritten Mal in Folge wurde die HLA Vistahermosa als bestes Privatkrankenhaus in Alicante ausgezeichnet - UR International DE","isPartOf":{"@id":"https:\/\/urvistahermosainternational.com\/de\/#website"},"primaryImageOfPage":{"@id":"https:\/\/urvistahermosainternational.com\/de\/2021\/06\/01\/zum-dritten-mal-in-folge-wurde-die-hla-vistahermosa-als-bestes-privatkrankenhaus-in-alicante-ausgezeichnet\/#primaryimage"},"image":{"@id":"https:\/\/urvistahermosainternational.com\/de\/2021\/06\/01\/zum-dritten-mal-in-folge-wurde-die-hla-vistahermosa-als-bestes-privatkrankenhaus-in-alicante-ausgezeichnet\/#primaryimage"},"thumbnailUrl":"https:\/\/urvistahermosainternational.com\/de\/wp-content\/uploads\/sites\/4\/2021\/06\/HLA-Vistahermosa_UR-Vistahermosa-mayo-2021.jpg","datePublished":"2021-06-01T09:10:09+00:00","dateModified":"2022-03-02T14:11:41+00:00","author":{"@id":"https:\/\/urvistahermosainternational.com\/de\/#\/schema\/person\/ccf8d0f6ec028fe57c5e91856fef6459"},"breadcrumb":{"@id":"https:\/\/urvistahermosainternational.com\/de\/2021\/06\/01\/zum-dritten-mal-in-folge-wurde-die-hla-vistahermosa-als-bestes-privatkrankenhaus-in-alicante-ausgezeichnet\/#breadcrumb"},"inLanguage":"de","potentialAction":[{"@type":"ReadAction","target":["https:\/\/urvistahermosainternational.com\/de\/2021\/06\/01\/zum-dritten-mal-in-folge-wurde-die-hla-vistahermosa-als-bestes-privatkrankenhaus-in-alicante-ausgezeichnet\/"]}]},{"@type":"ImageObject","inLanguage":"de","@id":"https:\/\/urvistahermosainternational.com\/de\/2021\/06\/01\/zum-dritten-mal-in-folge-wurde-die-hla-vistahermosa-als-bestes-privatkrankenhaus-in-alicante-ausgezeichnet\/#primaryimage","url":"https:\/\/urvistahermosainternational.com\/de\/wp-content\/uploads\/sites\/4\/2021\/06\/HLA-Vistahermosa_UR-Vistahermosa-mayo-2021.jpg","contentUrl":"https:\/\/urvistahermosainternational.com\/de\/wp-content\/uploads\/sites\/4\/2021\/06\/HLA-Vistahermosa_UR-Vistahermosa-mayo-2021.jpg","width":1800,"height":1200},{"@type":"BreadcrumbList","@id":"https:\/\/urvistahermosainternational.com\/de\/2021\/06\/01\/zum-dritten-mal-in-folge-wurde-die-hla-vistahermosa-als-bestes-privatkrankenhaus-in-alicante-ausgezeichnet\/#breadcrumb","itemListElement":[{"@type":"ListItem","position":1,"name":"Home","item":"https:\/\/urvistahermosainternational.com\/de\/"},{"@type":"ListItem","position":2,"name":"Zum dritten Mal in Folge wurde die HLA Vistahermosa als bestes Privatkrankenhaus in Alicante ausgezeichnet"}]},{"@type":"WebSite","@id":"https:\/\/urvistahermosainternational.com\/de\/#website","url":"https:\/\/urvistahermosainternational.com\/de\/","name":"UR International DE","description":"Otro sitio m\u00e1s de UR sitios","potentialAction":[{"@type":"SearchAction","target":{"@type":"EntryPoint","urlTemplate":"https:\/\/urvistahermosainternational.com\/de\/?s={search_term_string}"},"query-input":{"@type":"PropertyValueSpecification","valueRequired":true,"valueName":"search_term_string"}}],"inLanguage":"de"},{"@type":"Person","@id":"https:\/\/urvistahermosainternational.com\/de\/#\/schema\/person\/ccf8d0f6ec028fe57c5e91856fef6459","name":"mespi_wz3o8t8p","image":{"@type":"ImageObject","inLanguage":"de","@id":"https:\/\/secure.gravatar.com\/avatar\/4e3586102b4dfd66d137e2d59c8049bfe057dc7f6809117962f9d0f14eaace33?s=96&d=mm&r=g","url":"https:\/\/secure.gravatar.com\/avatar\/4e3586102b4dfd66d137e2d59c8049bfe057dc7f6809117962f9d0f14eaace33?s=96&d=mm&r=g","contentUrl":"https:\/\/secure.gravatar.com\/avatar\/4e3586102b4dfd66d137e2d59c8049bfe057dc7f6809117962f9d0f14eaace33?s=96&d=mm&r=g","caption":"mespi_wz3o8t8p"},"url":"https:\/\/urvistahermosainternational.com\/de\/author\/mespi_wz3o8t8p\/"}]}},"_links":{"self":[{"href":"https:\/\/urvistahermosainternational.com\/de\/wp-json\/wp\/v2\/posts\/14186","targetHints":{"allow":["GET"]}}],"collection":[{"href":"https:\/\/urvistahermosainternational.com\/de\/wp-json\/wp\/v2\/posts"}],"about":[{"href":"https:\/\/urvistahermosainternational.com\/de\/wp-json\/wp\/v2\/types\/post"}],"author":[{"embeddable":true,"href":"https:\/\/urvistahermosainternational.com\/de\/wp-json\/wp\/v2\/users\/1"}],"replies":[{"embeddable":true,"href":"https:\/\/urvistahermosainternational.com\/de\/wp-json\/wp\/v2\/comments?post=14186"}],"version-history":[{"count":1,"href":"https:\/\/urvistahermosainternational.com\/de\/wp-json\/wp\/v2\/posts\/14186\/revisions"}],"predecessor-version":[{"id":14564,"href":"https:\/\/urvistahermosainternational.com\/de\/wp-json\/wp\/v2\/posts\/14186\/revisions\/14564"}],"wp:featuredmedia":[{"embeddable":true,"href":"https:\/\/urvistahermosainternational.com\/de\/wp-json\/wp\/v2\/media\/14563"}],"wp:attachment":[{"href":"https:\/\/urvistahermosainternational.com\/de\/wp-json\/wp\/v2\/media?parent=14186"}],"wp:term":[{"taxonomy":"category","embeddable":true,"href":"https:\/\/urvistahermosainternational.com\/de\/wp-json\/wp\/v2\/categories?post=14186"},{"taxonomy":"post_tag","embeddable":true,"href":"https:\/\/urvistahermosainternational.com\/de\/wp-json\/wp\/v2\/tags?post=14186"}],"curies":[{"name":"wp","href":"https:\/\/api.w.org\/{rel}","templated":true}]}}