{"id":13927,"date":"2013-06-07T07:41:21","date_gmt":"2013-06-07T07:41:21","guid":{"rendered":"http:\/\/urvistahermosa.com\/de\/?p=1869"},"modified":"2013-06-07T07:41:21","modified_gmt":"2013-06-07T07:41:21","slug":"der-kurs-fur-universitatspezialist-in-biologie-der-menschlichen-reproduktion-beendet","status":"publish","type":"post","link":"https:\/\/urvistahermosainternational.com\/de\/2013\/06\/07\/der-kurs-fur-universitatspezialist-in-biologie-der-menschlichen-reproduktion-beendet\/","title":{"rendered":"Der Kurs f\u00fcr Universit\u00e4tspezialist in Biologie der menschlichen Reproduktion beendet"},"content":{"rendered":"<p>Der Kurs ist von dem Lehrstuhl f\u00fcr reproduktive Biomedizin UR Vistahermosa mit den assistierten Reproduktionseinheit und Genetik der Klinik Vistahermosa und der <a href=\"http:\/\/www.umh.es\/\" target=\"_blank\" rel=\"noopener\">Universit\u00e4t Miguel Hern\u00e1ndez<\/a> organisiert.<br \/>\nDer Festsaal der Klinik Vistahermosa<a href=\"http:\/\/urvistahermosa.com\/de\/files\/2013\/07\/IMG_7324.jpg\"><img loading=\"lazy\" decoding=\"async\" class=\"alignright size-medium wp-image-1871\" alt=\"IMG_7324\" src=\"http:\/\/urvistahermosa.com\/de\/files\/2013\/07\/IMG_7324-310x206.jpg\" width=\"310\" height=\"206\" \/><\/a> war gestern Freitag den Platz der Schlussfeier von der XII Auflage des Kurses f\u00fcr Universit\u00e4tspezialist in Biologie der Reproduktion. Der Kurs ist von dem <a href=\"http:\/\/urvistahermosa.com\/de\/investigacion-y-docencia\/catedra-de-biomedicina-reproductiva\/\">Lehrstuhl f\u00fcr reproduktive Biomedizin der Klinik Vistahermosa<\/a> organisiert. Das ist einen speziellen Lehrstuhl der Universit\u00e4t Miguel Hern\u00e1ndez in der Abteilung f\u00fcr Histologie und Anatomie in Zusammenarbeit mit den reproduktiven und genetischen Einheiten der Klinik Vistahermosa.<br \/>\nDer Kurs geht es um die Notwendigkeiten von der multidisziplin\u00e4ren Ausbilding der Spezialisten, die zu Teams der assistierten Reproduktion geh\u00f6ren. Diese Spezialit\u00e4t hilft den Personen mit Fertilit\u00e4tsprobleme (15% der Paare mit reproduktiven Alter) und anderen neuen Familie Modelle, die Kinder haben wollen.<br \/>\nGefeiert seit 12 Jahre ist er einen Referent auf nationaler Ebene mit Lehrer der besten spanischen Einrichtungen. Zurzeit bildet und vorbereitet er 15 Personen ungef\u00e4hr jedes Jahr. Mehr als die H\u00e4lfte der Postgraduierten hat Arbeit in diesem Schwellenland der Medizin gefunden und sie arbeiten in verschiedenen Einrichtungen von Spanien und von anderen L\u00e4nder.<br \/>\nAu\u03b2erdem ist die Pr\u00e4mie Lehrstuhl f\u00fcr reproduktive Biomedizin Klinik Vistahermosa \u2013 <a href=\"http:\/\/www.asisa.es\/\" target=\"_blank\" rel=\"noopener\">Asisa<\/a> ausgeh\u00e4ndigt und ist von 3000 Euro.<br \/>\nLeiter des Lehrstuhls: Dr. Jos\u00e9 Jes\u00fas L\u00f3pez G\u00e1lvez (Leiter der assistierten Reproduktionseinheit Klinik Vistahermosa).<br \/>\nLeiter des Kurses: Prof. Joaqu\u00edn Rueda, Hochschullehrer in Biologie und Leiter der genetische Einheit.    \t<\/p>\n","protected":false},"excerpt":{"rendered":"<p>Der Kurs ist von dem Lehrstuhl f\u00fcr reproduktive Biomedizin UR Vistahermosa mit den assistierten Reproduktionseinheit und Genetik der Klinik Vistahermosa und der Universit\u00e4t Miguel Hern\u00e1ndez organisiert. Der Festsaal der Klinik Vistahermosa war gestern Freitag den Platz der Schlussfeier von der XII Auflage des Kurses f\u00fcr Universit\u00e4tspezialist in Biologie der Reproduktion. Der Kurs ist von dem [&hellip;]<\/p>\n","protected":false},"author":1,"featured_media":1870,"comment_status":"open","ping_status":"open","sticky":false,"template":"","format":"standard","meta":{"_acf_changed":false,"footnotes":""},"categories":[9],"tags":[],"class_list":["post-13927","post","type-post","status-publish","format-standard","has-post-thumbnail","hentry","category-presse"],"acf":[],"yoast_head":"<!-- This site is optimized with the Yoast SEO plugin v27.5 - https:\/\/yoast.com\/product\/yoast-seo-wordpress\/ -->\n<title>Der Kurs f\u00fcr Universit\u00e4tspezialist in Biologie der menschlichen Reproduktion beendet - UR International DE<\/title>\n<meta name=\"robots\" content=\"index, follow, max-snippet:-1, max-image-preview:large, max-video-preview:-1\" \/>\n<link rel=\"canonical\" href=\"https:\/\/urvistahermosainternational.com\/de\/2013\/06\/07\/der-kurs-fur-universitatspezialist-in-biologie-der-menschlichen-reproduktion-beendet\/\" \/>\n<meta property=\"og:locale\" content=\"de_DE\" \/>\n<meta property=\"og:type\" content=\"article\" \/>\n<meta property=\"og:title\" content=\"Der Kurs f\u00fcr Universit\u00e4tspezialist in Biologie der menschlichen Reproduktion beendet - UR International DE\" \/>\n<meta property=\"og:description\" content=\"Der Kurs ist von dem Lehrstuhl f\u00fcr reproduktive Biomedizin UR Vistahermosa mit den assistierten Reproduktionseinheit und Genetik der Klinik Vistahermosa und der Universit\u00e4t Miguel Hern\u00e1ndez organisiert. Der Festsaal der Klinik Vistahermosa war gestern Freitag den Platz der Schlussfeier von der XII Auflage des Kurses f\u00fcr Universit\u00e4tspezialist in Biologie der Reproduktion. Der Kurs ist von dem [&hellip;]\" \/>\n<meta property=\"og:url\" content=\"https:\/\/urvistahermosainternational.com\/de\/2013\/06\/07\/der-kurs-fur-universitatspezialist-in-biologie-der-menschlichen-reproduktion-beendet\/\" \/>\n<meta property=\"og:site_name\" content=\"UR International DE\" \/>\n<meta property=\"article:published_time\" content=\"2013-06-07T07:41:21+00:00\" \/>\n<meta property=\"og:image\" content=\"http:\/\/urvistahermosa.com\/de\/files\/2013\/07\/IMG_7324-310x206.jpg\" \/>\n<meta name=\"author\" content=\"mespi_wz3o8t8p\" \/>\n<meta name=\"twitter:card\" content=\"summary_large_image\" \/>\n<meta name=\"twitter:label1\" content=\"Verfasst von\" \/>\n\t<meta name=\"twitter:data1\" content=\"mespi_wz3o8t8p\" \/>\n\t<meta name=\"twitter:label2\" content=\"Gesch\u00e4tzte Lesezeit\" \/>\n\t<meta name=\"twitter:data2\" content=\"1\u00a0Minute\" \/>\n<script type=\"application\/ld+json\" class=\"yoast-schema-graph\">{\"@context\":\"https:\\\/\\\/schema.org\",\"@graph\":[{\"@type\":\"Article\",\"@id\":\"https:\\\/\\\/urvistahermosainternational.com\\\/de\\\/2013\\\/06\\\/07\\\/der-kurs-fur-universitatspezialist-in-biologie-der-menschlichen-reproduktion-beendet\\\/#article\",\"isPartOf\":{\"@id\":\"https:\\\/\\\/urvistahermosainternational.com\\\/de\\\/2013\\\/06\\\/07\\\/der-kurs-fur-universitatspezialist-in-biologie-der-menschlichen-reproduktion-beendet\\\/\"},\"author\":{\"name\":\"mespi_wz3o8t8p\",\"@id\":\"https:\\\/\\\/urvistahermosainternational.com\\\/de\\\/#\\\/schema\\\/person\\\/ccf8d0f6ec028fe57c5e91856fef6459\"},\"headline\":\"Der Kurs f\u00fcr Universit\u00e4tspezialist in Biologie der menschlichen Reproduktion beendet\",\"datePublished\":\"2013-06-07T07:41:21+00:00\",\"mainEntityOfPage\":{\"@id\":\"https:\\\/\\\/urvistahermosainternational.com\\\/de\\\/2013\\\/06\\\/07\\\/der-kurs-fur-universitatspezialist-in-biologie-der-menschlichen-reproduktion-beendet\\\/\"},\"wordCount\":262,\"commentCount\":0,\"image\":{\"@id\":\"https:\\\/\\\/urvistahermosainternational.com\\\/de\\\/2013\\\/06\\\/07\\\/der-kurs-fur-universitatspezialist-in-biologie-der-menschlichen-reproduktion-beendet\\\/#primaryimage\"},\"thumbnailUrl\":\"https:\\\/\\\/urvistahermosainternational.com\\\/de\\\/wp-content\\\/uploads\\\/sites\\\/4\\\/2015\\\/02\\\/Diario-INFORMACION-02-FEB-ALICANTE-2015-pdf.jpg\",\"articleSection\":[\"Presse\"],\"inLanguage\":\"de\",\"potentialAction\":[{\"@type\":\"CommentAction\",\"name\":\"Comment\",\"target\":[\"https:\\\/\\\/urvistahermosainternational.com\\\/de\\\/2013\\\/06\\\/07\\\/der-kurs-fur-universitatspezialist-in-biologie-der-menschlichen-reproduktion-beendet\\\/#respond\"]}]},{\"@type\":\"WebPage\",\"@id\":\"https:\\\/\\\/urvistahermosainternational.com\\\/de\\\/2013\\\/06\\\/07\\\/der-kurs-fur-universitatspezialist-in-biologie-der-menschlichen-reproduktion-beendet\\\/\",\"url\":\"https:\\\/\\\/urvistahermosainternational.com\\\/de\\\/2013\\\/06\\\/07\\\/der-kurs-fur-universitatspezialist-in-biologie-der-menschlichen-reproduktion-beendet\\\/\",\"name\":\"Der Kurs f\u00fcr Universit\u00e4tspezialist in Biologie der menschlichen Reproduktion beendet - UR International DE\",\"isPartOf\":{\"@id\":\"https:\\\/\\\/urvistahermosainternational.com\\\/de\\\/#website\"},\"primaryImageOfPage\":{\"@id\":\"https:\\\/\\\/urvistahermosainternational.com\\\/de\\\/2013\\\/06\\\/07\\\/der-kurs-fur-universitatspezialist-in-biologie-der-menschlichen-reproduktion-beendet\\\/#primaryimage\"},\"image\":{\"@id\":\"https:\\\/\\\/urvistahermosainternational.com\\\/de\\\/2013\\\/06\\\/07\\\/der-kurs-fur-universitatspezialist-in-biologie-der-menschlichen-reproduktion-beendet\\\/#primaryimage\"},\"thumbnailUrl\":\"https:\\\/\\\/urvistahermosainternational.com\\\/de\\\/wp-content\\\/uploads\\\/sites\\\/4\\\/2015\\\/02\\\/Diario-INFORMACION-02-FEB-ALICANTE-2015-pdf.jpg\",\"datePublished\":\"2013-06-07T07:41:21+00:00\",\"author\":{\"@id\":\"https:\\\/\\\/urvistahermosainternational.com\\\/de\\\/#\\\/schema\\\/person\\\/ccf8d0f6ec028fe57c5e91856fef6459\"},\"breadcrumb\":{\"@id\":\"https:\\\/\\\/urvistahermosainternational.com\\\/de\\\/2013\\\/06\\\/07\\\/der-kurs-fur-universitatspezialist-in-biologie-der-menschlichen-reproduktion-beendet\\\/#breadcrumb\"},\"inLanguage\":\"de\",\"potentialAction\":[{\"@type\":\"ReadAction\",\"target\":[\"https:\\\/\\\/urvistahermosainternational.com\\\/de\\\/2013\\\/06\\\/07\\\/der-kurs-fur-universitatspezialist-in-biologie-der-menschlichen-reproduktion-beendet\\\/\"]}]},{\"@type\":\"ImageObject\",\"inLanguage\":\"de\",\"@id\":\"https:\\\/\\\/urvistahermosainternational.com\\\/de\\\/2013\\\/06\\\/07\\\/der-kurs-fur-universitatspezialist-in-biologie-der-menschlichen-reproduktion-beendet\\\/#primaryimage\",\"url\":\"https:\\\/\\\/urvistahermosainternational.com\\\/de\\\/wp-content\\\/uploads\\\/sites\\\/4\\\/2015\\\/02\\\/Diario-INFORMACION-02-FEB-ALICANTE-2015-pdf.jpg\",\"contentUrl\":\"https:\\\/\\\/urvistahermosainternational.com\\\/de\\\/wp-content\\\/uploads\\\/sites\\\/4\\\/2015\\\/02\\\/Diario-INFORMACION-02-FEB-ALICANTE-2015-pdf.jpg\"},{\"@type\":\"BreadcrumbList\",\"@id\":\"https:\\\/\\\/urvistahermosainternational.com\\\/de\\\/2013\\\/06\\\/07\\\/der-kurs-fur-universitatspezialist-in-biologie-der-menschlichen-reproduktion-beendet\\\/#breadcrumb\",\"itemListElement\":[{\"@type\":\"ListItem\",\"position\":1,\"name\":\"Home\",\"item\":\"https:\\\/\\\/urvistahermosainternational.com\\\/de\\\/\"},{\"@type\":\"ListItem\",\"position\":2,\"name\":\"Der Kurs f\u00fcr Universit\u00e4tspezialist in Biologie der menschlichen Reproduktion beendet\"}]},{\"@type\":\"WebSite\",\"@id\":\"https:\\\/\\\/urvistahermosainternational.com\\\/de\\\/#website\",\"url\":\"https:\\\/\\\/urvistahermosainternational.com\\\/de\\\/\",\"name\":\"UR International DE\",\"description\":\"Otro sitio m\u00e1s de UR sitios\",\"potentialAction\":[{\"@type\":\"SearchAction\",\"target\":{\"@type\":\"EntryPoint\",\"urlTemplate\":\"https:\\\/\\\/urvistahermosainternational.com\\\/de\\\/?s={search_term_string}\"},\"query-input\":{\"@type\":\"PropertyValueSpecification\",\"valueRequired\":true,\"valueName\":\"search_term_string\"}}],\"inLanguage\":\"de\"},{\"@type\":\"Person\",\"@id\":\"https:\\\/\\\/urvistahermosainternational.com\\\/de\\\/#\\\/schema\\\/person\\\/ccf8d0f6ec028fe57c5e91856fef6459\",\"name\":\"mespi_wz3o8t8p\",\"image\":{\"@type\":\"ImageObject\",\"inLanguage\":\"de\",\"@id\":\"https:\\\/\\\/secure.gravatar.com\\\/avatar\\\/4e3586102b4dfd66d137e2d59c8049bfe057dc7f6809117962f9d0f14eaace33?s=96&d=mm&r=g\",\"url\":\"https:\\\/\\\/secure.gravatar.com\\\/avatar\\\/4e3586102b4dfd66d137e2d59c8049bfe057dc7f6809117962f9d0f14eaace33?s=96&d=mm&r=g\",\"contentUrl\":\"https:\\\/\\\/secure.gravatar.com\\\/avatar\\\/4e3586102b4dfd66d137e2d59c8049bfe057dc7f6809117962f9d0f14eaace33?s=96&d=mm&r=g\",\"caption\":\"mespi_wz3o8t8p\"},\"url\":\"https:\\\/\\\/urvistahermosainternational.com\\\/de\\\/author\\\/mespi_wz3o8t8p\\\/\"}]}<\/script>\n<!-- \/ Yoast SEO plugin. -->","yoast_head_json":{"title":"Der Kurs f\u00fcr Universit\u00e4tspezialist in Biologie der menschlichen Reproduktion beendet - UR International DE","robots":{"index":"index","follow":"follow","max-snippet":"max-snippet:-1","max-image-preview":"max-image-preview:large","max-video-preview":"max-video-preview:-1"},"canonical":"https:\/\/urvistahermosainternational.com\/de\/2013\/06\/07\/der-kurs-fur-universitatspezialist-in-biologie-der-menschlichen-reproduktion-beendet\/","og_locale":"de_DE","og_type":"article","og_title":"Der Kurs f\u00fcr Universit\u00e4tspezialist in Biologie der menschlichen Reproduktion beendet - UR International DE","og_description":"Der Kurs ist von dem Lehrstuhl f\u00fcr reproduktive Biomedizin UR Vistahermosa mit den assistierten Reproduktionseinheit und Genetik der Klinik Vistahermosa und der Universit\u00e4t Miguel Hern\u00e1ndez organisiert. Der Festsaal der Klinik Vistahermosa war gestern Freitag den Platz der Schlussfeier von der XII Auflage des Kurses f\u00fcr Universit\u00e4tspezialist in Biologie der Reproduktion. Der Kurs ist von dem [&hellip;]","og_url":"https:\/\/urvistahermosainternational.com\/de\/2013\/06\/07\/der-kurs-fur-universitatspezialist-in-biologie-der-menschlichen-reproduktion-beendet\/","og_site_name":"UR International DE","article_published_time":"2013-06-07T07:41:21+00:00","og_image":[{"url":"http:\/\/urvistahermosa.com\/de\/files\/2013\/07\/IMG_7324-310x206.jpg","type":"","width":"","height":""}],"author":"mespi_wz3o8t8p","twitter_card":"summary_large_image","twitter_misc":{"Verfasst von":"mespi_wz3o8t8p","Gesch\u00e4tzte Lesezeit":"1\u00a0Minute"},"schema":{"@context":"https:\/\/schema.org","@graph":[{"@type":"Article","@id":"https:\/\/urvistahermosainternational.com\/de\/2013\/06\/07\/der-kurs-fur-universitatspezialist-in-biologie-der-menschlichen-reproduktion-beendet\/#article","isPartOf":{"@id":"https:\/\/urvistahermosainternational.com\/de\/2013\/06\/07\/der-kurs-fur-universitatspezialist-in-biologie-der-menschlichen-reproduktion-beendet\/"},"author":{"name":"mespi_wz3o8t8p","@id":"https:\/\/urvistahermosainternational.com\/de\/#\/schema\/person\/ccf8d0f6ec028fe57c5e91856fef6459"},"headline":"Der Kurs f\u00fcr Universit\u00e4tspezialist in Biologie der menschlichen Reproduktion beendet","datePublished":"2013-06-07T07:41:21+00:00","mainEntityOfPage":{"@id":"https:\/\/urvistahermosainternational.com\/de\/2013\/06\/07\/der-kurs-fur-universitatspezialist-in-biologie-der-menschlichen-reproduktion-beendet\/"},"wordCount":262,"commentCount":0,"image":{"@id":"https:\/\/urvistahermosainternational.com\/de\/2013\/06\/07\/der-kurs-fur-universitatspezialist-in-biologie-der-menschlichen-reproduktion-beendet\/#primaryimage"},"thumbnailUrl":"https:\/\/urvistahermosainternational.com\/de\/wp-content\/uploads\/sites\/4\/2015\/02\/Diario-INFORMACION-02-FEB-ALICANTE-2015-pdf.jpg","articleSection":["Presse"],"inLanguage":"de","potentialAction":[{"@type":"CommentAction","name":"Comment","target":["https:\/\/urvistahermosainternational.com\/de\/2013\/06\/07\/der-kurs-fur-universitatspezialist-in-biologie-der-menschlichen-reproduktion-beendet\/#respond"]}]},{"@type":"WebPage","@id":"https:\/\/urvistahermosainternational.com\/de\/2013\/06\/07\/der-kurs-fur-universitatspezialist-in-biologie-der-menschlichen-reproduktion-beendet\/","url":"https:\/\/urvistahermosainternational.com\/de\/2013\/06\/07\/der-kurs-fur-universitatspezialist-in-biologie-der-menschlichen-reproduktion-beendet\/","name":"Der Kurs f\u00fcr Universit\u00e4tspezialist in Biologie der menschlichen Reproduktion beendet - UR International DE","isPartOf":{"@id":"https:\/\/urvistahermosainternational.com\/de\/#website"},"primaryImageOfPage":{"@id":"https:\/\/urvistahermosainternational.com\/de\/2013\/06\/07\/der-kurs-fur-universitatspezialist-in-biologie-der-menschlichen-reproduktion-beendet\/#primaryimage"},"image":{"@id":"https:\/\/urvistahermosainternational.com\/de\/2013\/06\/07\/der-kurs-fur-universitatspezialist-in-biologie-der-menschlichen-reproduktion-beendet\/#primaryimage"},"thumbnailUrl":"https:\/\/urvistahermosainternational.com\/de\/wp-content\/uploads\/sites\/4\/2015\/02\/Diario-INFORMACION-02-FEB-ALICANTE-2015-pdf.jpg","datePublished":"2013-06-07T07:41:21+00:00","author":{"@id":"https:\/\/urvistahermosainternational.com\/de\/#\/schema\/person\/ccf8d0f6ec028fe57c5e91856fef6459"},"breadcrumb":{"@id":"https:\/\/urvistahermosainternational.com\/de\/2013\/06\/07\/der-kurs-fur-universitatspezialist-in-biologie-der-menschlichen-reproduktion-beendet\/#breadcrumb"},"inLanguage":"de","potentialAction":[{"@type":"ReadAction","target":["https:\/\/urvistahermosainternational.com\/de\/2013\/06\/07\/der-kurs-fur-universitatspezialist-in-biologie-der-menschlichen-reproduktion-beendet\/"]}]},{"@type":"ImageObject","inLanguage":"de","@id":"https:\/\/urvistahermosainternational.com\/de\/2013\/06\/07\/der-kurs-fur-universitatspezialist-in-biologie-der-menschlichen-reproduktion-beendet\/#primaryimage","url":"https:\/\/urvistahermosainternational.com\/de\/wp-content\/uploads\/sites\/4\/2015\/02\/Diario-INFORMACION-02-FEB-ALICANTE-2015-pdf.jpg","contentUrl":"https:\/\/urvistahermosainternational.com\/de\/wp-content\/uploads\/sites\/4\/2015\/02\/Diario-INFORMACION-02-FEB-ALICANTE-2015-pdf.jpg"},{"@type":"BreadcrumbList","@id":"https:\/\/urvistahermosainternational.com\/de\/2013\/06\/07\/der-kurs-fur-universitatspezialist-in-biologie-der-menschlichen-reproduktion-beendet\/#breadcrumb","itemListElement":[{"@type":"ListItem","position":1,"name":"Home","item":"https:\/\/urvistahermosainternational.com\/de\/"},{"@type":"ListItem","position":2,"name":"Der Kurs f\u00fcr Universit\u00e4tspezialist in Biologie der menschlichen Reproduktion beendet"}]},{"@type":"WebSite","@id":"https:\/\/urvistahermosainternational.com\/de\/#website","url":"https:\/\/urvistahermosainternational.com\/de\/","name":"UR International DE","description":"Otro sitio m\u00e1s de UR sitios","potentialAction":[{"@type":"SearchAction","target":{"@type":"EntryPoint","urlTemplate":"https:\/\/urvistahermosainternational.com\/de\/?s={search_term_string}"},"query-input":{"@type":"PropertyValueSpecification","valueRequired":true,"valueName":"search_term_string"}}],"inLanguage":"de"},{"@type":"Person","@id":"https:\/\/urvistahermosainternational.com\/de\/#\/schema\/person\/ccf8d0f6ec028fe57c5e91856fef6459","name":"mespi_wz3o8t8p","image":{"@type":"ImageObject","inLanguage":"de","@id":"https:\/\/secure.gravatar.com\/avatar\/4e3586102b4dfd66d137e2d59c8049bfe057dc7f6809117962f9d0f14eaace33?s=96&d=mm&r=g","url":"https:\/\/secure.gravatar.com\/avatar\/4e3586102b4dfd66d137e2d59c8049bfe057dc7f6809117962f9d0f14eaace33?s=96&d=mm&r=g","contentUrl":"https:\/\/secure.gravatar.com\/avatar\/4e3586102b4dfd66d137e2d59c8049bfe057dc7f6809117962f9d0f14eaace33?s=96&d=mm&r=g","caption":"mespi_wz3o8t8p"},"url":"https:\/\/urvistahermosainternational.com\/de\/author\/mespi_wz3o8t8p\/"}]}},"_links":{"self":[{"href":"https:\/\/urvistahermosainternational.com\/de\/wp-json\/wp\/v2\/posts\/13927","targetHints":{"allow":["GET"]}}],"collection":[{"href":"https:\/\/urvistahermosainternational.com\/de\/wp-json\/wp\/v2\/posts"}],"about":[{"href":"https:\/\/urvistahermosainternational.com\/de\/wp-json\/wp\/v2\/types\/post"}],"author":[{"embeddable":true,"href":"https:\/\/urvistahermosainternational.com\/de\/wp-json\/wp\/v2\/users\/1"}],"replies":[{"embeddable":true,"href":"https:\/\/urvistahermosainternational.com\/de\/wp-json\/wp\/v2\/comments?post=13927"}],"version-history":[{"count":0,"href":"https:\/\/urvistahermosainternational.com\/de\/wp-json\/wp\/v2\/posts\/13927\/revisions"}],"wp:featuredmedia":[{"embeddable":true,"href":"https:\/\/urvistahermosainternational.com\/de\/wp-json\/wp\/v2\/media\/1870"}],"wp:attachment":[{"href":"https:\/\/urvistahermosainternational.com\/de\/wp-json\/wp\/v2\/media?parent=13927"}],"wp:term":[{"taxonomy":"category","embeddable":true,"href":"https:\/\/urvistahermosainternational.com\/de\/wp-json\/wp\/v2\/categories?post=13927"},{"taxonomy":"post_tag","embeddable":true,"href":"https:\/\/urvistahermosainternational.com\/de\/wp-json\/wp\/v2\/tags?post=13927"}],"curies":[{"name":"wp","href":"https:\/\/api.w.org\/{rel}","templated":true}]}}