{"id":1340,"date":"2013-03-07T09:17:08","date_gmt":"2013-03-07T09:17:08","guid":{"rendered":"http:\/\/urvistahermosa.com\/de\/?p=1319"},"modified":"2013-03-07T09:17:08","modified_gmt":"2013-03-07T09:17:08","slug":"xii-conference-series-kontroversen-in-der-assistierten-reproduktion-conference-3-2013","status":"publish","type":"post","link":"https:\/\/urvistahermosainternational.com\/de\/2013\/03\/07\/xii-conference-series-kontroversen-in-der-assistierten-reproduktion-conference-3-2013\/","title":{"rendered":"XII Conference Series. Kontroversen in der assistierten Reproduktion. Conference 3 2013"},"content":{"rendered":"<p>N\u00e4chster Tag den 15. M\u00e4rz um 19.30 Uhr wird Dr. Jos\u00e9 Miguel Garc\u00eda Sagredo die Konferenz &quot;Mikrokerne und Chromosomenstabilit\u00e4t in Embryonen\u201c halten. Diese Konferenz geh\u00f6rt zu den Konferenzen Kontroversen in der k\u00fcnstlichen Befruchtung, die von der <a href=\"http:\/\/urvistahermosa.com\/de\/investigacion-y-docencia\/catedra-de-biomedicina-reproductiva\/\">Lehrstuhl f\u00fcr Biomedizin der Universit\u00e4t Miguel Hern\u00e1ndez<\/a> in Zusammenarbeit mit den Reproduktions- und Genetikeinheiten organisiert ist.<br \/>\nDr. Garc\u00eda Sagredo ist der Leiter der medizinischen Genetik vom Universit\u00e4tshospital Ram\u00f3n y Cajal aus Madrid und er ist auch Akademiker von der Nationalen Akademie f\u00fcr Medizin.    \t<\/p>\n","protected":false},"excerpt":{"rendered":"<p>N\u00e4chster Tag den 15. M\u00e4rz um 19.30 Uhr wird Dr. Jos\u00e9 Miguel Garc\u00eda Sagredo die Konferenz &quot;Mikrokerne und Chromosomenstabilit\u00e4t in Embryonen\u201c halten. Diese Konferenz geh\u00f6rt zu den Konferenzen Kontroversen in der k\u00fcnstlichen Befruchtung, die von der Lehrstuhl f\u00fcr Biomedizin der Universit\u00e4t Miguel Hern\u00e1ndez in Zusammenarbeit mit den Reproduktions- und Genetikeinheiten organisiert ist. Dr. Garc\u00eda Sagredo [&hellip;]<\/p>\n","protected":false},"author":1,"featured_media":0,"comment_status":"open","ping_status":"open","sticky":false,"template":"","format":"standard","meta":{"_acf_changed":false,"footnotes":""},"categories":[9],"tags":[],"class_list":["post-1340","post","type-post","status-publish","format-standard","hentry","category-presse"],"acf":[],"yoast_head":"<!-- This site is optimized with the Yoast SEO plugin v27.5 - https:\/\/yoast.com\/product\/yoast-seo-wordpress\/ -->\n<title>XII Conference Series. Kontroversen in der assistierten Reproduktion. Conference 3 2013 - UR International DE<\/title>\n<meta name=\"robots\" content=\"index, follow, max-snippet:-1, max-image-preview:large, max-video-preview:-1\" \/>\n<link rel=\"canonical\" href=\"https:\/\/urvistahermosainternational.com\/de\/2013\/03\/07\/xii-conference-series-kontroversen-in-der-assistierten-reproduktion-conference-3-2013\/\" \/>\n<meta property=\"og:locale\" content=\"de_DE\" \/>\n<meta property=\"og:type\" content=\"article\" \/>\n<meta property=\"og:title\" content=\"XII Conference Series. Kontroversen in der assistierten Reproduktion. Conference 3 2013 - UR International DE\" \/>\n<meta property=\"og:description\" content=\"N\u00e4chster Tag den 15. M\u00e4rz um 19.30 Uhr wird Dr. Jos\u00e9 Miguel Garc\u00eda Sagredo die Konferenz &quot;Mikrokerne und Chromosomenstabilit\u00e4t in Embryonen\u201c halten. Diese Konferenz geh\u00f6rt zu den Konferenzen Kontroversen in der k\u00fcnstlichen Befruchtung, die von der Lehrstuhl f\u00fcr Biomedizin der Universit\u00e4t Miguel Hern\u00e1ndez in Zusammenarbeit mit den Reproduktions- und Genetikeinheiten organisiert ist. Dr. Garc\u00eda Sagredo [&hellip;]\" \/>\n<meta property=\"og:url\" content=\"https:\/\/urvistahermosainternational.com\/de\/2013\/03\/07\/xii-conference-series-kontroversen-in-der-assistierten-reproduktion-conference-3-2013\/\" \/>\n<meta property=\"og:site_name\" content=\"UR International DE\" \/>\n<meta property=\"article:published_time\" content=\"2013-03-07T09:17:08+00:00\" \/>\n<meta name=\"author\" content=\"mespi_wz3o8t8p\" \/>\n<meta name=\"twitter:card\" content=\"summary_large_image\" \/>\n<meta name=\"twitter:label1\" content=\"Verfasst von\" \/>\n\t<meta name=\"twitter:data1\" content=\"mespi_wz3o8t8p\" \/>\n<script type=\"application\/ld+json\" class=\"yoast-schema-graph\">{\"@context\":\"https:\\\/\\\/schema.org\",\"@graph\":[{\"@type\":\"Article\",\"@id\":\"https:\\\/\\\/urvistahermosainternational.com\\\/de\\\/2013\\\/03\\\/07\\\/xii-conference-series-kontroversen-in-der-assistierten-reproduktion-conference-3-2013\\\/#article\",\"isPartOf\":{\"@id\":\"https:\\\/\\\/urvistahermosainternational.com\\\/de\\\/2013\\\/03\\\/07\\\/xii-conference-series-kontroversen-in-der-assistierten-reproduktion-conference-3-2013\\\/\"},\"author\":{\"name\":\"mespi_wz3o8t8p\",\"@id\":\"https:\\\/\\\/urvistahermosainternational.com\\\/de\\\/#\\\/schema\\\/person\\\/ccf8d0f6ec028fe57c5e91856fef6459\"},\"headline\":\"XII Conference Series. Kontroversen in der assistierten Reproduktion. Conference 3 2013\",\"datePublished\":\"2013-03-07T09:17:08+00:00\",\"mainEntityOfPage\":{\"@id\":\"https:\\\/\\\/urvistahermosainternational.com\\\/de\\\/2013\\\/03\\\/07\\\/xii-conference-series-kontroversen-in-der-assistierten-reproduktion-conference-3-2013\\\/\"},\"wordCount\":100,\"commentCount\":0,\"articleSection\":[\"Presse\"],\"inLanguage\":\"de\",\"potentialAction\":[{\"@type\":\"CommentAction\",\"name\":\"Comment\",\"target\":[\"https:\\\/\\\/urvistahermosainternational.com\\\/de\\\/2013\\\/03\\\/07\\\/xii-conference-series-kontroversen-in-der-assistierten-reproduktion-conference-3-2013\\\/#respond\"]}]},{\"@type\":\"WebPage\",\"@id\":\"https:\\\/\\\/urvistahermosainternational.com\\\/de\\\/2013\\\/03\\\/07\\\/xii-conference-series-kontroversen-in-der-assistierten-reproduktion-conference-3-2013\\\/\",\"url\":\"https:\\\/\\\/urvistahermosainternational.com\\\/de\\\/2013\\\/03\\\/07\\\/xii-conference-series-kontroversen-in-der-assistierten-reproduktion-conference-3-2013\\\/\",\"name\":\"XII Conference Series. Kontroversen in der assistierten Reproduktion. Conference 3 2013 - UR International DE\",\"isPartOf\":{\"@id\":\"https:\\\/\\\/urvistahermosainternational.com\\\/de\\\/#website\"},\"datePublished\":\"2013-03-07T09:17:08+00:00\",\"author\":{\"@id\":\"https:\\\/\\\/urvistahermosainternational.com\\\/de\\\/#\\\/schema\\\/person\\\/ccf8d0f6ec028fe57c5e91856fef6459\"},\"breadcrumb\":{\"@id\":\"https:\\\/\\\/urvistahermosainternational.com\\\/de\\\/2013\\\/03\\\/07\\\/xii-conference-series-kontroversen-in-der-assistierten-reproduktion-conference-3-2013\\\/#breadcrumb\"},\"inLanguage\":\"de\",\"potentialAction\":[{\"@type\":\"ReadAction\",\"target\":[\"https:\\\/\\\/urvistahermosainternational.com\\\/de\\\/2013\\\/03\\\/07\\\/xii-conference-series-kontroversen-in-der-assistierten-reproduktion-conference-3-2013\\\/\"]}]},{\"@type\":\"BreadcrumbList\",\"@id\":\"https:\\\/\\\/urvistahermosainternational.com\\\/de\\\/2013\\\/03\\\/07\\\/xii-conference-series-kontroversen-in-der-assistierten-reproduktion-conference-3-2013\\\/#breadcrumb\",\"itemListElement\":[{\"@type\":\"ListItem\",\"position\":1,\"name\":\"Home\",\"item\":\"https:\\\/\\\/urvistahermosainternational.com\\\/de\\\/\"},{\"@type\":\"ListItem\",\"position\":2,\"name\":\"XII Conference Series. Kontroversen in der assistierten Reproduktion. Conference 3 2013\"}]},{\"@type\":\"WebSite\",\"@id\":\"https:\\\/\\\/urvistahermosainternational.com\\\/de\\\/#website\",\"url\":\"https:\\\/\\\/urvistahermosainternational.com\\\/de\\\/\",\"name\":\"UR International DE\",\"description\":\"Otro sitio m\u00e1s de UR sitios\",\"potentialAction\":[{\"@type\":\"SearchAction\",\"target\":{\"@type\":\"EntryPoint\",\"urlTemplate\":\"https:\\\/\\\/urvistahermosainternational.com\\\/de\\\/?s={search_term_string}\"},\"query-input\":{\"@type\":\"PropertyValueSpecification\",\"valueRequired\":true,\"valueName\":\"search_term_string\"}}],\"inLanguage\":\"de\"},{\"@type\":\"Person\",\"@id\":\"https:\\\/\\\/urvistahermosainternational.com\\\/de\\\/#\\\/schema\\\/person\\\/ccf8d0f6ec028fe57c5e91856fef6459\",\"name\":\"mespi_wz3o8t8p\",\"image\":{\"@type\":\"ImageObject\",\"inLanguage\":\"de\",\"@id\":\"https:\\\/\\\/secure.gravatar.com\\\/avatar\\\/4e3586102b4dfd66d137e2d59c8049bfe057dc7f6809117962f9d0f14eaace33?s=96&d=mm&r=g\",\"url\":\"https:\\\/\\\/secure.gravatar.com\\\/avatar\\\/4e3586102b4dfd66d137e2d59c8049bfe057dc7f6809117962f9d0f14eaace33?s=96&d=mm&r=g\",\"contentUrl\":\"https:\\\/\\\/secure.gravatar.com\\\/avatar\\\/4e3586102b4dfd66d137e2d59c8049bfe057dc7f6809117962f9d0f14eaace33?s=96&d=mm&r=g\",\"caption\":\"mespi_wz3o8t8p\"},\"url\":\"https:\\\/\\\/urvistahermosainternational.com\\\/de\\\/author\\\/mespi_wz3o8t8p\\\/\"}]}<\/script>\n<!-- \/ Yoast SEO plugin. -->","yoast_head_json":{"title":"XII Conference Series. Kontroversen in der assistierten Reproduktion. Conference 3 2013 - UR International DE","robots":{"index":"index","follow":"follow","max-snippet":"max-snippet:-1","max-image-preview":"max-image-preview:large","max-video-preview":"max-video-preview:-1"},"canonical":"https:\/\/urvistahermosainternational.com\/de\/2013\/03\/07\/xii-conference-series-kontroversen-in-der-assistierten-reproduktion-conference-3-2013\/","og_locale":"de_DE","og_type":"article","og_title":"XII Conference Series. Kontroversen in der assistierten Reproduktion. Conference 3 2013 - UR International DE","og_description":"N\u00e4chster Tag den 15. M\u00e4rz um 19.30 Uhr wird Dr. Jos\u00e9 Miguel Garc\u00eda Sagredo die Konferenz &quot;Mikrokerne und Chromosomenstabilit\u00e4t in Embryonen\u201c halten. Diese Konferenz geh\u00f6rt zu den Konferenzen Kontroversen in der k\u00fcnstlichen Befruchtung, die von der Lehrstuhl f\u00fcr Biomedizin der Universit\u00e4t Miguel Hern\u00e1ndez in Zusammenarbeit mit den Reproduktions- und Genetikeinheiten organisiert ist. Dr. Garc\u00eda Sagredo [&hellip;]","og_url":"https:\/\/urvistahermosainternational.com\/de\/2013\/03\/07\/xii-conference-series-kontroversen-in-der-assistierten-reproduktion-conference-3-2013\/","og_site_name":"UR International DE","article_published_time":"2013-03-07T09:17:08+00:00","author":"mespi_wz3o8t8p","twitter_card":"summary_large_image","twitter_misc":{"Verfasst von":"mespi_wz3o8t8p"},"schema":{"@context":"https:\/\/schema.org","@graph":[{"@type":"Article","@id":"https:\/\/urvistahermosainternational.com\/de\/2013\/03\/07\/xii-conference-series-kontroversen-in-der-assistierten-reproduktion-conference-3-2013\/#article","isPartOf":{"@id":"https:\/\/urvistahermosainternational.com\/de\/2013\/03\/07\/xii-conference-series-kontroversen-in-der-assistierten-reproduktion-conference-3-2013\/"},"author":{"name":"mespi_wz3o8t8p","@id":"https:\/\/urvistahermosainternational.com\/de\/#\/schema\/person\/ccf8d0f6ec028fe57c5e91856fef6459"},"headline":"XII Conference Series. Kontroversen in der assistierten Reproduktion. Conference 3 2013","datePublished":"2013-03-07T09:17:08+00:00","mainEntityOfPage":{"@id":"https:\/\/urvistahermosainternational.com\/de\/2013\/03\/07\/xii-conference-series-kontroversen-in-der-assistierten-reproduktion-conference-3-2013\/"},"wordCount":100,"commentCount":0,"articleSection":["Presse"],"inLanguage":"de","potentialAction":[{"@type":"CommentAction","name":"Comment","target":["https:\/\/urvistahermosainternational.com\/de\/2013\/03\/07\/xii-conference-series-kontroversen-in-der-assistierten-reproduktion-conference-3-2013\/#respond"]}]},{"@type":"WebPage","@id":"https:\/\/urvistahermosainternational.com\/de\/2013\/03\/07\/xii-conference-series-kontroversen-in-der-assistierten-reproduktion-conference-3-2013\/","url":"https:\/\/urvistahermosainternational.com\/de\/2013\/03\/07\/xii-conference-series-kontroversen-in-der-assistierten-reproduktion-conference-3-2013\/","name":"XII Conference Series. Kontroversen in der assistierten Reproduktion. Conference 3 2013 - UR International DE","isPartOf":{"@id":"https:\/\/urvistahermosainternational.com\/de\/#website"},"datePublished":"2013-03-07T09:17:08+00:00","author":{"@id":"https:\/\/urvistahermosainternational.com\/de\/#\/schema\/person\/ccf8d0f6ec028fe57c5e91856fef6459"},"breadcrumb":{"@id":"https:\/\/urvistahermosainternational.com\/de\/2013\/03\/07\/xii-conference-series-kontroversen-in-der-assistierten-reproduktion-conference-3-2013\/#breadcrumb"},"inLanguage":"de","potentialAction":[{"@type":"ReadAction","target":["https:\/\/urvistahermosainternational.com\/de\/2013\/03\/07\/xii-conference-series-kontroversen-in-der-assistierten-reproduktion-conference-3-2013\/"]}]},{"@type":"BreadcrumbList","@id":"https:\/\/urvistahermosainternational.com\/de\/2013\/03\/07\/xii-conference-series-kontroversen-in-der-assistierten-reproduktion-conference-3-2013\/#breadcrumb","itemListElement":[{"@type":"ListItem","position":1,"name":"Home","item":"https:\/\/urvistahermosainternational.com\/de\/"},{"@type":"ListItem","position":2,"name":"XII Conference Series. Kontroversen in der assistierten Reproduktion. Conference 3 2013"}]},{"@type":"WebSite","@id":"https:\/\/urvistahermosainternational.com\/de\/#website","url":"https:\/\/urvistahermosainternational.com\/de\/","name":"UR International DE","description":"Otro sitio m\u00e1s de UR sitios","potentialAction":[{"@type":"SearchAction","target":{"@type":"EntryPoint","urlTemplate":"https:\/\/urvistahermosainternational.com\/de\/?s={search_term_string}"},"query-input":{"@type":"PropertyValueSpecification","valueRequired":true,"valueName":"search_term_string"}}],"inLanguage":"de"},{"@type":"Person","@id":"https:\/\/urvistahermosainternational.com\/de\/#\/schema\/person\/ccf8d0f6ec028fe57c5e91856fef6459","name":"mespi_wz3o8t8p","image":{"@type":"ImageObject","inLanguage":"de","@id":"https:\/\/secure.gravatar.com\/avatar\/4e3586102b4dfd66d137e2d59c8049bfe057dc7f6809117962f9d0f14eaace33?s=96&d=mm&r=g","url":"https:\/\/secure.gravatar.com\/avatar\/4e3586102b4dfd66d137e2d59c8049bfe057dc7f6809117962f9d0f14eaace33?s=96&d=mm&r=g","contentUrl":"https:\/\/secure.gravatar.com\/avatar\/4e3586102b4dfd66d137e2d59c8049bfe057dc7f6809117962f9d0f14eaace33?s=96&d=mm&r=g","caption":"mespi_wz3o8t8p"},"url":"https:\/\/urvistahermosainternational.com\/de\/author\/mespi_wz3o8t8p\/"}]}},"_links":{"self":[{"href":"https:\/\/urvistahermosainternational.com\/de\/wp-json\/wp\/v2\/posts\/1340","targetHints":{"allow":["GET"]}}],"collection":[{"href":"https:\/\/urvistahermosainternational.com\/de\/wp-json\/wp\/v2\/posts"}],"about":[{"href":"https:\/\/urvistahermosainternational.com\/de\/wp-json\/wp\/v2\/types\/post"}],"author":[{"embeddable":true,"href":"https:\/\/urvistahermosainternational.com\/de\/wp-json\/wp\/v2\/users\/1"}],"replies":[{"embeddable":true,"href":"https:\/\/urvistahermosainternational.com\/de\/wp-json\/wp\/v2\/comments?post=1340"}],"version-history":[{"count":0,"href":"https:\/\/urvistahermosainternational.com\/de\/wp-json\/wp\/v2\/posts\/1340\/revisions"}],"wp:attachment":[{"href":"https:\/\/urvistahermosainternational.com\/de\/wp-json\/wp\/v2\/media?parent=1340"}],"wp:term":[{"taxonomy":"category","embeddable":true,"href":"https:\/\/urvistahermosainternational.com\/de\/wp-json\/wp\/v2\/categories?post=1340"},{"taxonomy":"post_tag","embeddable":true,"href":"https:\/\/urvistahermosainternational.com\/de\/wp-json\/wp\/v2\/tags?post=1340"}],"curies":[{"name":"wp","href":"https:\/\/api.w.org\/{rel}","templated":true}]}}